{"id":132591,"date":"2024-07-08T19:49:37","date_gmt":"2024-07-08T22:49:37","guid":{"rendered":"http:\/\/blitzconquista.com.br\/?p=132591"},"modified":"2024-07-08T19:49:37","modified_gmt":"2024-07-08T22:49:37","slug":"festival-de-inverno-bahia-anuncia-novidades-para-o-camarote-deste-ano","status":"publish","type":"post","link":"https:\/\/blitzconquista.com.br\/?p=132591","title":{"rendered":"Festival de Inverno Bahia anuncia novidades para o camarote deste ano"},"content":{"rendered":"<div class=\"nH\">\n<div class=\"V8djrc byY\">\n<div data-num-unread-messages=\"1\" data-num-visible-messages=\"1\">\n<div class=\"ha\"><\/div>\n<div class=\"dJ\">\n<h3 style=\"text-align: center;\"><b>Conforto, exclusividade e shows: Festival de<\/b> Inverno<b> Bahia anuncia novidades para o camarote deste ano<\/b><\/h3>\n<div>\n<figure id=\"attachment_132593\" aria-describedby=\"caption-attachment-132593\" style=\"width: 695px\" class=\"wp-caption aligncenter\"><img decoding=\"async\" loading=\"lazy\" class=\"wp-image-132593 size-large\" src=\"http:\/\/blitzconquista.com.br\/wp-content\/uploads\/2024\/07\/unnamed-695x463.jpg\" alt=\"\" width=\"695\" height=\"463\" srcset=\"https:\/\/blitzconquista.com.br\/wp-content\/uploads\/2024\/07\/unnamed-695x463.jpg 695w, https:\/\/blitzconquista.com.br\/wp-content\/uploads\/2024\/07\/unnamed-300x200.jpg 300w, https:\/\/blitzconquista.com.br\/wp-content\/uploads\/2024\/07\/unnamed-768x512.jpg 768w, https:\/\/blitzconquista.com.br\/wp-content\/uploads\/2024\/07\/unnamed-1536x1023.jpg 1536w, https:\/\/blitzconquista.com.br\/wp-content\/uploads\/2024\/07\/unnamed-414x276.jpg 414w, https:\/\/blitzconquista.com.br\/wp-content\/uploads\/2024\/07\/unnamed-470x313.jpg 470w, https:\/\/blitzconquista.com.br\/wp-content\/uploads\/2024\/07\/unnamed-640x426.jpg 640w, https:\/\/blitzconquista.com.br\/wp-content\/uploads\/2024\/07\/unnamed-130x86.jpg 130w, https:\/\/blitzconquista.com.br\/wp-content\/uploads\/2024\/07\/unnamed-187x124.jpg 187w, https:\/\/blitzconquista.com.br\/wp-content\/uploads\/2024\/07\/unnamed-990x660.jpg 990w, https:\/\/blitzconquista.com.br\/wp-content\/uploads\/2024\/07\/unnamed-1320x879.jpg 1320w, https:\/\/blitzconquista.com.br\/wp-content\/uploads\/2024\/07\/unnamed.jpg 1600w\" sizes=\"(max-width: 695px) 100vw, 695px\" \/><figcaption id=\"caption-attachment-132593\" class=\"wp-caption-text\">FOTO: La\u00e9cio Lacerda<\/figcaption><\/figure>\n<\/div>\n<div><i>Experi\u00eancia \u00e9 o que diferencia um festival de shows convencionais e no caso do Festival de Inverno Bahia (FIB), o Camarote FIB \u00e9 uma das \u00e1reas que vai proporcionar momentos inesquec\u00edveis para o p\u00fablico que estiver na Sui\u00e7a Baiana em agosto.<br \/>\n<\/i><\/p>\n<div>O espa\u00e7o contar\u00e1\u00a0com banheiros constru\u00eddos, \u00e1reas para descanso, acesso exclusivo \u00e0 frente do palco e \u00e1rea de alimenta\u00e7\u00e3o exclusiva, com restaurantes de destaque em Conquista operando no local. A ideia da organiza\u00e7\u00e3o do evento \u00e9 fornecer muito mais conforto para quem optar por curtir o festival de camarote. \u201cA gente pensa cada espa\u00e7o com muito carinho e para o camarote estruturamos a \u00e1rea de forma que nosso p\u00fablico possa vivenciar as melhores experi\u00eancias gastron\u00f4micas e musicais\u201d, conta o head da Bahia Eventos, Bruno Portela.<\/div>\n<div><\/div>\n<div><strong>Muito mais M\u00fasica<\/strong><\/div>\n<div><\/div>\n<div>Nos intervalos dos shows do palco principal, a m\u00fasica continua no palco exclusivo montado dentro do camarote, que vai proporcionar ao p\u00fablico uma atmosfera musical do in\u00edcio ao fim. Na sexta, 23, a atra\u00e7\u00e3o ser\u00e1 o DJ Fabinho. Com mais de 36 anos de carreira, ele chega com o projeto intitulado como FALAKTOR para embalar diversas gera\u00e7\u00f5es. Al\u00e9m dele, quem tamb\u00e9m se apresenta na primeira noite do FIB \u00e9 o grupo Samba de L\u00fa, que vem diretamente da capital baiana.<\/div>\n<div><\/div>\n<div>No s\u00e1bado, 24, DJ Felipe Poeta chega para animar o p\u00fablico do camarote. Natural de Nova York, ele foi criado no Rio de Janeiro e \u00e9 beatmaker. DJ renomado, Poeta tem se apresentado em grandes festivais, a exemplo do Tomorrowland, The Town, Salve o Sul, al\u00e9m do Camarote Salvador. Outro nome aguardado para o segundo dia do Festival de Inverno Bahia \u00e9 a Ex\u00f3tica J\u00f4 Almeida, artista regional que tem ganhado destaque por sua irrever\u00eancia e um repert\u00f3rio atualizado.<\/div>\n<div><\/div>\n<div>Para fechar, no domingo. 25, Pedro Pond\u00e9 chega com grandes sucessos como \u2018Simples Assim\u2019 e \u2018Em outro Lugar\u2019. O cantor esteve \u00e0 frente das bandas Scambo e O C\u00edrculo, e agora, em carreira solo, vem mostrando sua inquietude, criatividade e intensidade. E a noite no camarote, durante o \u00faltimo dia do festival, tamb\u00e9m contar\u00e1 com a catingueira Robertinha. A cantora, que iniciou sua carreira aos 8 anos de idade, vem se destacando pela sua autenticidade e presen\u00e7a de palco. Ela cantar\u00e1 ao longo da noite e far\u00e1 um after exclusivo para o p\u00fablico do camarote logo ap\u00f3s o t\u00e9rmino dos shows do palco principal.<\/div>\n<div><\/div>\n<div><b>Os ingressos para o camarote s\u00e3o limitados e est\u00e3o \u00e0 venda pelo Sympla e nos pontos de venda f\u00edsicos ainda com o valor do primeiro lote. A produ\u00e7\u00e3o do Festival de Inverno Bahia \u00e9 assinada pela Bahia Eventos, empresa de entretenimento da Rede Bahia, em parceria com a TV Sudoeste.<\/b><\/div>\n<\/div>\n<\/div>\n<\/div>\n<\/div>\n<\/div>\n<div class=\"nH\">\n<div>\n<div>\n<p dir=\"ltr\"><b>Atra\u00e7\u00f5es:<\/b><\/p>\n<p dir=\"ltr\"><i>Sexta (23 de Agosto)<\/i><\/p>\n<ul>\n<li dir=\"ltr\">\n<p dir=\"ltr\" role=\"presentation\">Nando Reis e Anavit\u00f3ria<\/p>\n<\/li>\n<li dir=\"ltr\">\n<p dir=\"ltr\" role=\"presentation\">S\u00f3 Pra Contrariar &#8211; Ac\u00fastico<\/p>\n<\/li>\n<li dir=\"ltr\">\n<p dir=\"ltr\" role=\"presentation\">Xand Avi\u00e3o<\/p>\n<\/li>\n<\/ul>\n<p dir=\"ltr\"><i>S\u00e1bado (24 de Agosto)<\/i><\/p>\n<ul>\n<li dir=\"ltr\">\n<p dir=\"ltr\" role=\"presentation\">Menos \u00e9 Mais<\/p>\n<\/li>\n<li dir=\"ltr\">\n<p dir=\"ltr\" role=\"presentation\">Samuel Rosa<\/p>\n<\/li>\n<li dir=\"ltr\">\n<p dir=\"ltr\" role=\"presentation\">Filhos de Jorge<\/p>\n<\/li>\n<li dir=\"ltr\">\n<p dir=\"ltr\" role=\"presentation\">Maiara e Maraisa<\/p>\n<\/li>\n<\/ul>\n<p dir=\"ltr\"><i>Domingo (25 de Agosto)<\/i><\/p>\n<ul>\n<li>\n<p role=\"presentation\">Ana Castela<\/p>\n<\/li>\n<li>\n<p role=\"presentation\">J\u00e3o<\/p>\n<\/li>\n<li>\n<p role=\"presentation\">Seu Jorge<\/p>\n<\/li>\n<\/ul>\n<\/div>\n<p>Informa\u00e7\u00f5es \u00e0 imprensa local:<br \/>\n<b>Vinicius Trindades | 77 98100-0965<br \/>\n<\/b><a href=\"mailto:imprensa@viniciustrindades.com\" target=\"_blank\" rel=\"noopener\">imprensa@viniciustrindades.com<\/a><\/p>\n<p>Informa\u00e7\u00f5es \u00e0 imprensa estadual:<br \/>\n<b>Kirk Moreno | 71 99269-0600<br \/>\nVitor Andrade | 71 99313-0673<\/b><br \/>\nDuo Estrat\u00e9gias em Comunica\u00e7\u00e3o |\u00a0<a href=\"mailto:comunicacao@duo-br.com\" target=\"_blank\" rel=\"noopener\">comunicacao@duo-br.com<\/a><span style=\"color: #888888;\"><br clear=\"all\" \/><\/span><\/p>\n<div><\/div>\n<\/div>\n<\/div>\n","protected":false},"excerpt":{"rendered":"<p>Conforto, exclusividade e shows: Festival de Inverno Bahia anuncia novidades para o camarote deste ano Experi\u00eancia \u00e9 o que diferencia um festival de shows convencionais e no caso do Festival de Inverno Bahia (FIB), o Camarote FIB \u00e9 uma das \u00e1reas que vai proporcionar momentos inesquec\u00edveis para o p\u00fablico que estiver na Sui\u00e7a Baiana em [&hellip;]<\/p>\n","protected":false},"author":1,"featured_media":132593,"comment_status":"closed","ping_status":"closed","sticky":false,"template":"","format":"standard","meta":[],"categories":[4],"tags":[],"_links":{"self":[{"href":"https:\/\/blitzconquista.com.br\/index.php?rest_route=\/wp\/v2\/posts\/132591"}],"collection":[{"href":"https:\/\/blitzconquista.com.br\/index.php?rest_route=\/wp\/v2\/posts"}],"about":[{"href":"https:\/\/blitzconquista.com.br\/index.php?rest_route=\/wp\/v2\/types\/post"}],"author":[{"embeddable":true,"href":"https:\/\/blitzconquista.com.br\/index.php?rest_route=\/wp\/v2\/users\/1"}],"replies":[{"embeddable":true,"href":"https:\/\/blitzconquista.com.br\/index.php?rest_route=%2Fwp%2Fv2%2Fcomments&post=132591"}],"version-history":[{"count":1,"href":"https:\/\/blitzconquista.com.br\/index.php?rest_route=\/wp\/v2\/posts\/132591\/revisions"}],"predecessor-version":[{"id":132594,"href":"https:\/\/blitzconquista.com.br\/index.php?rest_route=\/wp\/v2\/posts\/132591\/revisions\/132594"}],"wp:featuredmedia":[{"embeddable":true,"href":"https:\/\/blitzconquista.com.br\/index.php?rest_route=\/wp\/v2\/media\/132593"}],"wp:attachment":[{"href":"https:\/\/blitzconquista.com.br\/index.php?rest_route=%2Fwp%2Fv2%2Fmedia&parent=132591"}],"wp:term":[{"taxonomy":"category","embeddable":true,"href":"https:\/\/blitzconquista.com.br\/index.php?rest_route=%2Fwp%2Fv2%2Fcategories&post=132591"},{"taxonomy":"post_tag","embeddable":true,"href":"https:\/\/blitzconquista.com.br\/index.php?rest_route=%2Fwp%2Fv2%2Ftags&post=132591"}],"curies":[{"name":"wp","href":"https:\/\/api.w.org\/{rel}","templated":true}]}}