{"id":133255,"date":"2024-08-15T00:35:51","date_gmt":"2024-08-15T03:35:51","guid":{"rendered":"http:\/\/blitzconquista.com.br\/?p=133255"},"modified":"2024-08-15T00:35:51","modified_gmt":"2024-08-15T03:35:51","slug":"educacao-da-bahia-cresce-no-ideb-pela-terceira-vez-consecutiva","status":"publish","type":"post","link":"https:\/\/blitzconquista.com.br\/?p=133255","title":{"rendered":"Educa\u00e7\u00e3o da Bahia cresce no Ideb pela terceira vez consecutiva"},"content":{"rendered":"<figure id=\"attachment_133257\" aria-describedby=\"caption-attachment-133257\" style=\"width: 695px\" class=\"wp-caption aligncenter\"><img decoding=\"async\" loading=\"lazy\" class=\"wp-image-133257 size-large\" src=\"http:\/\/blitzconquista.com.br\/wp-content\/uploads\/2024\/08\/whatsappimage2024-08-14at124420-695x333.jpeg\" alt=\"\" width=\"695\" height=\"333\" srcset=\"https:\/\/blitzconquista.com.br\/wp-content\/uploads\/2024\/08\/whatsappimage2024-08-14at124420-695x333.jpeg 695w, https:\/\/blitzconquista.com.br\/wp-content\/uploads\/2024\/08\/whatsappimage2024-08-14at124420-300x144.jpeg 300w, https:\/\/blitzconquista.com.br\/wp-content\/uploads\/2024\/08\/whatsappimage2024-08-14at124420.jpeg 730w\" sizes=\"(max-width: 695px) 100vw, 695px\" \/><figcaption id=\"caption-attachment-133257\" class=\"wp-caption-text\">Imagem: Divulga\u00e7\u00e3o<\/figcaption><\/figure>\n<p>Dados divulgados pelo Minist\u00e9rio da Educa\u00e7\u00e3o (MEC), nesta quarta-feira (14), confirmam que a Bahia avan\u00e7ou no \u00cdndice de Desenvolvimento da Educa\u00e7\u00e3o B\u00e1sica (Ideb), que mede o desempenho dos estudantes em exames de larga escala. Em 2023, a Bahia registrou um \u00edndice de 3,7%, enquanto em 2021 foi 3,5% e, em 2019, alcan\u00e7ou 3,2%, com rela\u00e7\u00e3o ao desempenho dos col\u00e9gios de ensino m\u00e9dio estadual.<\/p>\n<p>O bom resultado registrado j\u00e1 vem sendo percebido pela popula\u00e7\u00e3o baiana que, entre as \u00e1reas do governo Jer\u00f4nimo, considerou a pasta da Educa\u00e7\u00e3o com maior aprova\u00e7\u00e3o (54%).<\/p>\n<p>&#8220;Os resultados mostram que o trabalho que vem sendo desenvolvido \u00e9 acertado. O cen\u00e1rio ainda \u00e9 desafiador, principalmente no p\u00f3s-pandemia, mas o Governo do Estado tem feito investimentos importantes no acesso, perman\u00eancia e aprendizagem dos nossos estudantes, o que nos faz ter a certeza de resultados ainda melhores daqui para frente&#8221;, destacou a secret\u00e1ria estadual da Educa\u00e7\u00e3o, Rowenna Brito.<\/p>\n<p>Esse avan\u00e7o \u00e9 reflexo de pol\u00edticas p\u00fablicas focadas na melhoria da qualidade de ensino, nos investimentos na amplia\u00e7\u00e3o e moderniza\u00e7\u00e3o da estrutura f\u00edsica da rede estadual de ensino, na valoriza\u00e7\u00e3o do seu quadro profissional e no olhar cuidadoso para as necessidades b\u00e1sicas da comunidade escolar. A redu\u00e7\u00e3o do abandono escolar de 11,5% (2021) para 5% (estimado) (2023) foi poss\u00edvel gra\u00e7as ao trabalho de busca ativa por estudantes que deixaram de frequentar as aulas e o investimento na assist\u00eancia estudantil, que vai desde a oferta de transporte escolar seguro, a garantia de boa nutri\u00e7\u00e3o, com a oferta de alimenta\u00e7\u00e3o escolar de qualidade, e o aux\u00edlio financeiro, atrav\u00e9s do Programa Bolsa Presen\u00e7a, para que os estudantes n\u00e3o abandonem a escola em troca de subempregos.<\/p>\n<p>Recupera\u00e7\u00e3o da aprendizagem<\/p>\n<p>A recupera\u00e7\u00e3o da aprendizagem no p\u00f3s-pandemia foi poss\u00edvel gra\u00e7as aos investimentos do Governo do Estado nas avalia\u00e7\u00f5es diagn\u00f3sticas que medem o n\u00edvel de conhecimento dos estudantes nas disciplinas de Matem\u00e1tica e L\u00edngua Portuguesa e permitem identificar fragilidades e tra\u00e7ar estrat\u00e9gias para auxiliar os estudantes na conquista do sucesso escolar, bem como na elabora\u00e7\u00e3o de materiais did\u00e1ticos voltados para a recomposi\u00e7\u00e3o das aprendizagens, no apoio pedag\u00f3gico personalizado e na disponibiliza\u00e7\u00e3o de tecnologia, como os mais de 150 mil tablets entregues aos estudantes para uso pedag\u00f3gico.<\/p>\n<p>Educa\u00e7\u00e3o integral<\/p>\n<p>Essas a\u00e7\u00f5es s\u00e3o cruciais para o aprimoramento do aprendizado dos estudantes. A amplia\u00e7\u00e3o do tempo de perman\u00eancia dos estudantes nas escolas estaduais, com a oferta de ensino em tempo integral, tem sido uma das estrat\u00e9gias que contribuem para o avan\u00e7o no Ideb. Por meio do Educa Mais Bahia, a Secretaria da Educa\u00e7\u00e3o do Estado (SEC) oferta oficinas educativas de artes, esportes, m\u00fasica e de fortalecimento das aprendizagens. Outro programa de destaque \u00e9 o Mais Estudo, atrav\u00e9s do qual os monitores d\u00e3o refor\u00e7o escolar aos colegas e recebem uma bolsa de R$ 150 mensais, durante a sua vig\u00eancia. At\u00e9 o momento, 46.019 alunos j\u00e1 est\u00e3o atuando, o que representa R$ 6,7 milh\u00f5es investidos no mesmo per\u00edodo.<\/p>\n<p>Outra importante ferramenta para alcan\u00e7ar esse resultado \u00e9 a aten\u00e7\u00e3o \u00e0 gest\u00e3o escolar. A capacita\u00e7\u00e3o de gestores escolares e o acompanhamento mais pr\u00f3ximo das escolas com baixo desempenho t\u00eam permitido uma gest\u00e3o mais eficiente, impactando positivamente os resultados educacionais. A valoriza\u00e7\u00e3o do Magist\u00e9rio tamb\u00e9m vem gerando resultados positivos. Por meio do Concurso Saeb 03\/2022 o Estado j\u00e1 nomeou 2.043 nkvis professores e coordenadores pedag\u00f3gicos. Os profissionais est\u00e3o presentes em escolas dos 27 territ\u00f3rios de identidade, compondo e ampliando a capacidade de atendimento aos estudantes.<\/p>\n<p>\u201cVamos continuar investindo em pr\u00e1ticas pedag\u00f3gicas inovadoras que s\u00e3o essenciais para manter e ampliar os avan\u00e7os no Ideb. O desempenho positivo da Bahia no Ideb \u00e9 um indicativo de que as pol\u00edticas educacionais implementadas est\u00e3o surtindo efeito. Contudo, a continuidade e a amplia\u00e7\u00e3o dessas a\u00e7\u00f5es s\u00e3o fundamentais para garantir que todos os estudantes baianos tenham acesso a uma educa\u00e7\u00e3o de qualidade\u201d, confirma a secret\u00e1ria Rowenna.<\/p>\n","protected":false},"excerpt":{"rendered":"<p>Dados divulgados pelo Minist\u00e9rio da Educa\u00e7\u00e3o (MEC), nesta quarta-feira (14), confirmam que a Bahia avan\u00e7ou no \u00cdndice de Desenvolvimento da Educa\u00e7\u00e3o B\u00e1sica (Ideb), que mede o desempenho dos estudantes em exames de larga escala. Em 2023, a Bahia registrou um \u00edndice de 3,7%, enquanto em 2021 foi 3,5% e, em 2019, alcan\u00e7ou 3,2%, com rela\u00e7\u00e3o [&hellip;]<\/p>\n","protected":false},"author":1,"featured_media":133257,"comment_status":"closed","ping_status":"closed","sticky":false,"template":"","format":"standard","meta":[],"categories":[28],"tags":[],"_links":{"self":[{"href":"https:\/\/blitzconquista.com.br\/index.php?rest_route=\/wp\/v2\/posts\/133255"}],"collection":[{"href":"https:\/\/blitzconquista.com.br\/index.php?rest_route=\/wp\/v2\/posts"}],"about":[{"href":"https:\/\/blitzconquista.com.br\/index.php?rest_route=\/wp\/v2\/types\/post"}],"author":[{"embeddable":true,"href":"https:\/\/blitzconquista.com.br\/index.php?rest_route=\/wp\/v2\/users\/1"}],"replies":[{"embeddable":true,"href":"https:\/\/blitzconquista.com.br\/index.php?rest_route=%2Fwp%2Fv2%2Fcomments&post=133255"}],"version-history":[{"count":1,"href":"https:\/\/blitzconquista.com.br\/index.php?rest_route=\/wp\/v2\/posts\/133255\/revisions"}],"predecessor-version":[{"id":133258,"href":"https:\/\/blitzconquista.com.br\/index.php?rest_route=\/wp\/v2\/posts\/133255\/revisions\/133258"}],"wp:featuredmedia":[{"embeddable":true,"href":"https:\/\/blitzconquista.com.br\/index.php?rest_route=\/wp\/v2\/media\/133257"}],"wp:attachment":[{"href":"https:\/\/blitzconquista.com.br\/index.php?rest_route=%2Fwp%2Fv2%2Fmedia&parent=133255"}],"wp:term":[{"taxonomy":"category","embeddable":true,"href":"https:\/\/blitzconquista.com.br\/index.php?rest_route=%2Fwp%2Fv2%2Fcategories&post=133255"},{"taxonomy":"post_tag","embeddable":true,"href":"https:\/\/blitzconquista.com.br\/index.php?rest_route=%2Fwp%2Fv2%2Ftags&post=133255"}],"curies":[{"name":"wp","href":"https:\/\/api.w.org\/{rel}","templated":true}]}}