{"id":133486,"date":"2024-08-29T08:42:39","date_gmt":"2024-08-29T11:42:39","guid":{"rendered":"http:\/\/blitzconquista.com.br\/?p=133486"},"modified":"2024-08-29T08:42:39","modified_gmt":"2024-08-29T11:42:39","slug":"pf-deflagra-a-29a-fase-da-operacao-lesa-patria","status":"publish","type":"post","link":"https:\/\/blitzconquista.com.br\/?p=133486","title":{"rendered":"PF deflagra a 29\u00aa fase da Opera\u00e7\u00e3o Lesa P\u00e1tria"},"content":{"rendered":"<h3 class=\"documentDescription\" style=\"text-align: center;\">A\u00e7\u00e3o visa identifica\u00e7\u00e3o de pessoas que incitaram e participaram dos ataques do dia 8\/1\/2023<\/h3>\n<div id=\"viewlet-above-content-body\">\n<div class=\"swiper-container swiper-container-horizontal\">\n<div class=\"swiper-wrapper\">\n<div class=\"swiper-slide swiper-slide-prev\">\n<div class=\"swiper-player aspect-16-9\">\n<div class=\"swiper-image-wrapper\"><img decoding=\"async\" loading=\"lazy\" class=\"aligncenter\" src=\"https:\/\/www.gov.br\/pf\/pt-br\/assuntos\/noticias\/2024\/08\/pf-deflagra-a-29a-fase-da-operacao-lesa-patria\/lesa-patria-capa.jpeg\/@@images\/c76c89ca-9d0e-4012-af88-06f38d23062f.jpeg\" alt=\"Lesa P\u00e1tria capa.jpeg\" width=\"768\" height=\"432\" \/><\/div>\n<\/div>\n<\/div>\n<\/div>\n<\/div>\n<\/div>\n<div id=\"content-core\">\n<div id=\"parent-fieldname-text\" class=\"\">\n<div>\n<p><b>Bras\u00edlia\/DF.<\/b>\u00a0A Pol\u00edcia Federal deflagrou nesta quinta-feira, 29\/8, a vig\u00e9sima nona fase da Opera\u00e7\u00e3o Lesa P\u00e1tria, com o objetivo de identificar pessoas que participaram e incitaram os fatos ocorridos em 8\/01\/2023, em Bras\u00edlia\/DF, quando o Pal\u00e1cio do Planalto, o Congresso Nacional e o Supremo Tribunal Federal foram invadidos por indiv\u00edduos que promoveram viol\u00eancia e dano generalizado contra os im\u00f3veis, m\u00f3veis e objetos daquelas Institui\u00e7\u00f5es.<\/p>\n<p>Ao todo, est\u00e3o sendo cumpridos 10 mandados de busca e apreens\u00e3o expedidos pelo Supremo Tribunal, nos Estados de Santa Catarina (5), Rio de Janeiro (3), Goi\u00e1s (1) e DF (1). Foi determinada a indisponibilidade de bens, ativos e valores dos investigados. Apura-se que os valores dos danos causados ao patrim\u00f4nio p\u00fablico possam chegar \u00e0 cifra de R$ 40 milh\u00f5es.<\/p>\n<p>Os fatos investigados constituem, em tese, os crimes de aboli\u00e7\u00e3o violenta do Estado democr\u00e1tico de Direito, golpe de Estado, dano qualificado, associa\u00e7\u00e3o criminosa, incita\u00e7\u00e3o ao crime, destrui\u00e7\u00e3o e deteriora\u00e7\u00e3o ou inutiliza\u00e7\u00e3o de bem especialmente protegido.<\/p>\n<p>As investiga\u00e7\u00f5es continuam em curso e a Opera\u00e7\u00e3o Lesa P\u00e1tria se torna permanente, com atualiza\u00e7\u00f5es peri\u00f3dicas acerca do n\u00famero de mandados judiciais cumpridos e pessoas capturadas.<\/p>\n<p><img decoding=\"async\" loading=\"lazy\" class=\"aligncenter\" src=\"https:\/\/www.gov.br\/pf\/pt-br\/assuntos\/noticias\/2024\/08\/pf-deflagra-a-29a-fase-da-operacao-lesa-patria\/whatsapp-image-2024-08-29-at-07-30-18.jpeg\/@@images\/2d19d3df-b307-4850-b91b-d5c89ec1efe1.jpeg\" alt=\"WhatsApp Image 2024-08-29 at 07.30.18.jpeg\" width=\"768\" height=\"513\" \/><\/p>\n<p><img decoding=\"async\" loading=\"lazy\" class=\"aligncenter\" src=\"https:\/\/www.gov.br\/pf\/pt-br\/assuntos\/noticias\/2024\/08\/pf-deflagra-a-29a-fase-da-operacao-lesa-patria\/whatsapp-image-2024-08-29-at-07-30-19.jpeg\/@@images\/8fbfb2c3-d2af-420b-b876-c5768eea5185.jpeg\" alt=\"WhatsApp Image 2024-08-29 at 07.30.19.jpeg\" width=\"768\" height=\"513\" \/><\/p>\n<p><img decoding=\"async\" loading=\"lazy\" class=\"aligncenter\" src=\"https:\/\/www.gov.br\/pf\/pt-br\/assuntos\/noticias\/2024\/08\/pf-deflagra-a-29a-fase-da-operacao-lesa-patria\/whatsapp-image-2024-08-29-at-07-30-18-1.jpeg\/@@images\/8845dfbf-36cc-472b-8cab-df780cc2ae15.jpeg\" alt=\"WhatsApp Image 2024-08-29 at 07.30.18 (1).jpeg\" width=\"768\" height=\"513\" \/><\/p>\n<p>Fonte: Coordena\u00e7\u00e3o-Geral de Comunica\u00e7\u00e3o Social<\/p>\n<\/div>\n<\/div>\n<\/div>\n","protected":false},"excerpt":{"rendered":"<p>A\u00e7\u00e3o visa identifica\u00e7\u00e3o de pessoas que incitaram e participaram dos ataques do dia 8\/1\/2023 Bras\u00edlia\/DF.\u00a0A Pol\u00edcia Federal deflagrou nesta quinta-feira, 29\/8, a vig\u00e9sima nona fase da Opera\u00e7\u00e3o Lesa P\u00e1tria, com o objetivo de identificar pessoas que participaram e incitaram os fatos ocorridos em 8\/01\/2023, em Bras\u00edlia\/DF, quando o Pal\u00e1cio do Planalto, o Congresso Nacional e [&hellip;]<\/p>\n","protected":false},"author":1,"featured_media":133488,"comment_status":"closed","ping_status":"closed","sticky":false,"template":"","format":"standard","meta":[],"categories":[212,3],"tags":[],"_links":{"self":[{"href":"https:\/\/blitzconquista.com.br\/index.php?rest_route=\/wp\/v2\/posts\/133486"}],"collection":[{"href":"https:\/\/blitzconquista.com.br\/index.php?rest_route=\/wp\/v2\/posts"}],"about":[{"href":"https:\/\/blitzconquista.com.br\/index.php?rest_route=\/wp\/v2\/types\/post"}],"author":[{"embeddable":true,"href":"https:\/\/blitzconquista.com.br\/index.php?rest_route=\/wp\/v2\/users\/1"}],"replies":[{"embeddable":true,"href":"https:\/\/blitzconquista.com.br\/index.php?rest_route=%2Fwp%2Fv2%2Fcomments&post=133486"}],"version-history":[{"count":1,"href":"https:\/\/blitzconquista.com.br\/index.php?rest_route=\/wp\/v2\/posts\/133486\/revisions"}],"predecessor-version":[{"id":133489,"href":"https:\/\/blitzconquista.com.br\/index.php?rest_route=\/wp\/v2\/posts\/133486\/revisions\/133489"}],"wp:featuredmedia":[{"embeddable":true,"href":"https:\/\/blitzconquista.com.br\/index.php?rest_route=\/wp\/v2\/media\/133488"}],"wp:attachment":[{"href":"https:\/\/blitzconquista.com.br\/index.php?rest_route=%2Fwp%2Fv2%2Fmedia&parent=133486"}],"wp:term":[{"taxonomy":"category","embeddable":true,"href":"https:\/\/blitzconquista.com.br\/index.php?rest_route=%2Fwp%2Fv2%2Fcategories&post=133486"},{"taxonomy":"post_tag","embeddable":true,"href":"https:\/\/blitzconquista.com.br\/index.php?rest_route=%2Fwp%2Fv2%2Ftags&post=133486"}],"curies":[{"name":"wp","href":"https:\/\/api.w.org\/{rel}","templated":true}]}}