{"id":133547,"date":"2024-09-02T09:18:55","date_gmt":"2024-09-02T12:18:55","guid":{"rendered":"http:\/\/blitzconquista.com.br\/?p=133547"},"modified":"2024-09-02T08:43:00","modified_gmt":"2024-09-02T11:43:00","slug":"moraes-convoca-1a-turma-para-julgar-suspensao-da-plataforma-x","status":"publish","type":"post","link":"https:\/\/blitzconquista.com.br\/?p=133547","title":{"rendered":"Moraes convoca 1\u00aa Turma para julgar suspens\u00e3o da plataforma X"},"content":{"rendered":"<header class=\"header-static navbar-sticky navbar-light\">\n<nav class=\"navbar\">\n<div class=\"container nav-item dropdown megamenu\">\n<div class=\"pos-absolute-center\"><a class=\"\" href=\"https:\/\/agenciabrasil.ebc.com.br\/\"><img decoding=\"async\" class=\"navbar-brand-item m-auto aligncenter\" src=\"https:\/\/cdn.jsdelivr.net\/gh\/sergiosdlima\/assets-ebc@1.0.0\/abr\/assets\/images\/logo-agenciabrasil.svg?sj42fq\" alt=\"Logo Ag\u00eancia Brasil\" height=\"30\" \/><\/a><\/p>\n<figure style=\"width: 1170px\" class=\"wp-caption aligncenter\"><a href=\"https:\/\/agenciabrasil.ebc.com.br\/justica\/noticia\/2024-09\/moraes-convoca-1a-turma-para-julgar-suspensao-da-plataforma-x#\"><img decoding=\"async\" loading=\"lazy\" id=\"media-311736\" class=\"rounded-lg shadow-sm w-100\" title=\"Marcelo Camargo\/Ag\u00eancia Brasil\" src=\"https:\/\/imagens.ebc.com.br\/P7Q0RovlrsberjnSs0E2vcNCHfM=\/1170x700\/smart\/https:\/\/agenciabrasil.ebc.com.br\/sites\/default\/files\/thumbnails\/image\/posse-diretor-pf_mcamgo_abr_100120231818-13.jpg?itok=VuD12Glq\" alt=\"O presidente do TSE, Alexandre de Moraes, durante cerim\u00f4nia de posse do diretor-geral da PF, na sede da corpora\u00e7\u00e3o, em Bras\u00edlia.\" width=\"1170\" height=\"700\" \/><\/a><figcaption class=\"wp-caption-text\">\u00a9 Marcelo Camargo\/Ag\u00eancia Brasil<\/figcaption><\/figure>\n<h3 class=\"col-10 offset-1 animated fadeInDown dealy-900 display-8 display-md-8 alt-font font-italic my-1 text-center\" style=\"text-align: center;\">Bloqueio da rede social ser\u00e1 analisada em sess\u00e3o virtual<\/h3>\n<\/div>\n<\/div>\n<\/nav>\n<\/header>\n<div class=\"region region-content\">\n<article class=\"container\">\n<div class=\"row\">\n<div class=\"col-xl-7 offset-xl-1 col-lg-8 offset-lg-0 col-md-10 offset-md-1 mb-3\">\n<div class=\"post-item alt-font\">\n<div class=\"post-item-wrap\">\n<p>O ministro Alexandre de Moraes, do Supremo Tribunal Federal (STF), convocou a 1\u00aa Turma da Corte para analisar, em julgamento virtual, sua decis\u00e3o de<a href=\"https:\/\/agenciabrasil.ebc.com.br\/justica\/noticia\/2024-08\/moraes-determina-suspensao-da-rede-social-x-no-brasil\" target=\"_blank\" rel=\"noopener\">\u00a0suspender a rede social X<\/a>\u00a0(antigo Twitter).\u00a0A sess\u00e3o virtual come\u00e7a a partir da meia-noite\u00a0desta segunda-feira (2) e ter\u00e1 dura\u00e7\u00e3o de 24 horas. Al\u00e9m de Moraes, a 1\u00aa Turma do STF conta com os ministros Luiz Fux, Cristiano Zanin, Fl\u00e1vio Dino e Carmen L\u00facia.<\/p>\n<p>A rede social X come\u00e7ou a ser\u00a0<a href=\"https:\/\/agenciabrasil.ebc.com.br\/justica\/noticia\/2024-08\/x-e-bloqueado-no-brasil-apos-musk-descumprir-decisao-de-moraes\" target=\"_blank\" rel=\"noopener\">bloqueada pelas operadoras de internet<\/a>, no territ\u00f3rio brasileiro, nas primeiras horas deste s\u00e1bado (31), em cumprimento \u00e0 decis\u00e3o de Moraes, do dia anterior, que determinou a suspens\u00e3o da plataforma. A medida foi tomada ap\u00f3s descumprimento ao\u00a0<a href=\"https:\/\/agenciabrasil.ebc.com.br\/justica\/noticia\/2024-08\/moraes-da-24-horas-para-musk-indicar-representante-legal-no-brasil\" target=\"_blank\" rel=\"noopener\">prazo de 24 horas\u00a0<\/a>dado pelo ministro ao bilion\u00e1rio Elon Musk, dono da plataforma, para indicar um representante legal do X no pa\u00eds.<\/p>\n<p>No \u00faltimo dia 17 de agosto, Musk anunciou o fechamento da sede da empresa no Brasil e acusou Moraes de amea\u00e7a. O an\u00fancio foi feito ap\u00f3s sucessivos descumprimentos de determina\u00e7\u00f5es do ministro. Entre elas, a que determinou o bloqueio do perfil do senador Marcos do Val (Podemos-ES) e de outros investigados.<\/p>\n<p>No post que anunciou a sa\u00edda do Brasil, o bilion\u00e1rio divulgou uma decis\u00e3o sigilosa do ministro. O documento diz que o X se negou a bloquear perfis e contas no contexto de um inqu\u00e9rito da Pol\u00edcia Federal (PF) que apura obstru\u00e7\u00e3o de investiga\u00e7\u00f5es de organiza\u00e7\u00e3o criminosa e incita\u00e7\u00e3o ao crime.<\/p>\n<\/div>\n<p>&nbsp;<\/p>\n<p class=\"alt-font font-italic my-2 small text-info\">Edi\u00e7\u00e3o: Carolina Pimentel<\/p>\n<\/div>\n<\/div>\n<\/div>\n<\/article>\n<\/div>\n","protected":false},"excerpt":{"rendered":"<p>Bloqueio da rede social ser\u00e1 analisada em sess\u00e3o virtual O ministro Alexandre de Moraes, do Supremo Tribunal Federal (STF), convocou a 1\u00aa Turma da Corte para analisar, em julgamento virtual, sua decis\u00e3o de\u00a0suspender a rede social X\u00a0(antigo Twitter).\u00a0A sess\u00e3o virtual come\u00e7a a partir da meia-noite\u00a0desta segunda-feira (2) e ter\u00e1 dura\u00e7\u00e3o de 24 horas. Al\u00e9m de [&hellip;]<\/p>\n","protected":false},"author":1,"featured_media":133549,"comment_status":"closed","ping_status":"closed","sticky":false,"template":"","format":"standard","meta":[],"categories":[478,212],"tags":[],"_links":{"self":[{"href":"https:\/\/blitzconquista.com.br\/index.php?rest_route=\/wp\/v2\/posts\/133547"}],"collection":[{"href":"https:\/\/blitzconquista.com.br\/index.php?rest_route=\/wp\/v2\/posts"}],"about":[{"href":"https:\/\/blitzconquista.com.br\/index.php?rest_route=\/wp\/v2\/types\/post"}],"author":[{"embeddable":true,"href":"https:\/\/blitzconquista.com.br\/index.php?rest_route=\/wp\/v2\/users\/1"}],"replies":[{"embeddable":true,"href":"https:\/\/blitzconquista.com.br\/index.php?rest_route=%2Fwp%2Fv2%2Fcomments&post=133547"}],"version-history":[{"count":1,"href":"https:\/\/blitzconquista.com.br\/index.php?rest_route=\/wp\/v2\/posts\/133547\/revisions"}],"predecessor-version":[{"id":133550,"href":"https:\/\/blitzconquista.com.br\/index.php?rest_route=\/wp\/v2\/posts\/133547\/revisions\/133550"}],"wp:featuredmedia":[{"embeddable":true,"href":"https:\/\/blitzconquista.com.br\/index.php?rest_route=\/wp\/v2\/media\/133549"}],"wp:attachment":[{"href":"https:\/\/blitzconquista.com.br\/index.php?rest_route=%2Fwp%2Fv2%2Fmedia&parent=133547"}],"wp:term":[{"taxonomy":"category","embeddable":true,"href":"https:\/\/blitzconquista.com.br\/index.php?rest_route=%2Fwp%2Fv2%2Fcategories&post=133547"},{"taxonomy":"post_tag","embeddable":true,"href":"https:\/\/blitzconquista.com.br\/index.php?rest_route=%2Fwp%2Fv2%2Ftags&post=133547"}],"curies":[{"name":"wp","href":"https:\/\/api.w.org\/{rel}","templated":true}]}}