{"id":133708,"date":"2024-09-18T00:34:38","date_gmt":"2024-09-18T03:34:38","guid":{"rendered":"http:\/\/blitzconquista.com.br\/?p=133708"},"modified":"2024-09-18T00:34:38","modified_gmt":"2024-09-18T03:34:38","slug":"com-cursos-de-medicina-negados-norte-e-nordeste-tem-maior-carencia-de-medicos","status":"publish","type":"post","link":"https:\/\/blitzconquista.com.br\/?p=133708","title":{"rendered":"Com cursos de medicina negados, Norte e Nordeste t\u00eam maior car\u00eancia de m\u00e9dicos"},"content":{"rendered":"<h3 class=\"notices-list__blog-card__summary\" style=\"text-align: center;\">Algumas regi\u00f5es t\u00eam menos de dois m\u00e9dicos por mil habitantes, enquanto o recomend\u00e1vel \u00e9 de 3,73 m\u00e9dicos segundo a Organiza\u00e7\u00e3o para a Coopera\u00e7\u00e3o e Desenvolvimento Econ\u00f4mico (OCDE)<\/h3>\n<div id=\"js-text-clipboard\" class=\"notice-content__show js-notice-expand js-permit-copy auto-height\">\n<p><img decoding=\"async\" loading=\"lazy\" class=\"size-large wp-image-133710 aligncenter\" src=\"http:\/\/blitzconquista.com.br\/wp-content\/uploads\/2024\/09\/medico-de-tiro-medio-tomando-notas_23-2149551111-695x464.jpg\" alt=\"\" width=\"695\" height=\"464\" srcset=\"https:\/\/blitzconquista.com.br\/wp-content\/uploads\/2024\/09\/medico-de-tiro-medio-tomando-notas_23-2149551111-695x464.jpg 695w, https:\/\/blitzconquista.com.br\/wp-content\/uploads\/2024\/09\/medico-de-tiro-medio-tomando-notas_23-2149551111-300x200.jpg 300w, https:\/\/blitzconquista.com.br\/wp-content\/uploads\/2024\/09\/medico-de-tiro-medio-tomando-notas_23-2149551111-414x276.jpg 414w, https:\/\/blitzconquista.com.br\/wp-content\/uploads\/2024\/09\/medico-de-tiro-medio-tomando-notas_23-2149551111-470x313.jpg 470w, https:\/\/blitzconquista.com.br\/wp-content\/uploads\/2024\/09\/medico-de-tiro-medio-tomando-notas_23-2149551111-640x426.jpg 640w, https:\/\/blitzconquista.com.br\/wp-content\/uploads\/2024\/09\/medico-de-tiro-medio-tomando-notas_23-2149551111-130x86.jpg 130w, https:\/\/blitzconquista.com.br\/wp-content\/uploads\/2024\/09\/medico-de-tiro-medio-tomando-notas_23-2149551111-187x124.jpg 187w, https:\/\/blitzconquista.com.br\/wp-content\/uploads\/2024\/09\/medico-de-tiro-medio-tomando-notas_23-2149551111.jpg 740w\" sizes=\"(max-width: 695px) 100vw, 695px\" \/>Enquanto a m\u00e9dia de profissionais m\u00e9dicos recomendados pela Organiza\u00e7\u00e3o para a Coopera\u00e7\u00e3o e Desenvolvimento Econ\u00f4mico (OCDE) deve ser de 3,73\/1000 habitantes, cidades das regi\u00f5es Norte e Nordeste do pa\u00eds t\u00eam menos de dois m\u00e9dicos por mil habitantes. \u00c9 o que mostra um levantamento da Associa\u00e7\u00e3o dos Mantenedores Independentes Educadores do Ensino Superior (AMIES).<\/p>\n<p>Estados como o Maranh\u00e3o, na regi\u00e3o Nordeste, e o Par\u00e1, na regi\u00e3o Norte, contam com os menores \u00edndices de m\u00e9dicos por mil habitantes: 1,13 e 1,22, respectivamente. Outros estados tamb\u00e9m se destacam negativamente pela falta de profissionais, como o Piau\u00ed, com 1,40 m\u00e9dico, Acre, com 1,46 m\u00e9dico, Bahia, com 1,90 m\u00e9dico e Cear\u00e1, com 1,95 m\u00e9dico por mil habitantes.<\/p>\n<p>Somando as regi\u00f5es Norte e Nordeste, s\u00e3o mais de 71 milh\u00f5es de habitantes e apenas 130 mil m\u00e9dicos, n\u00fameros que refor\u00e7am a car\u00eancia de profissionais.<\/p>\n<h2>Novos cursos negados<\/h2>\n<p>Para ampliar o n\u00famero de cursos de Medicina e de vagas nessas regi\u00f5es, diversos centros universit\u00e1rios pedem junto ao MEC, ou por meio de a\u00e7\u00f5es na justi\u00e7a, a abertura dessas vagas. S\u00f3 na \u00faltima semana, segundo levantamento da AMIES, de 13 pedidos nas regi\u00f5es Norte e Nordeste seis foram indeferidos pelo MEC. Os outros sete ainda est\u00e3o em processamento.<\/p>\n<h2>O que sustenta as negativas?<\/h2>\n<p>Um dos motivos para o MEC indeferir os pedidos de aumento de vagas e abertura de novos cursos \u00e9 que os munic\u00edpios onde os cursos seriam abertos est\u00e3o acima da recomenda\u00e7\u00e3o da OCDE \u2014 de 3,73 m\u00e9dicos por mil habitantes. O que n\u00e3o justificaria a necessidade de novas institui\u00e7\u00f5es superiores de Medicina.<\/p>\n<p>Mas a AMIES contesta, pois o MEC est\u00e1 considerando apenas os munic\u00edpios onde as faculdades seriam criadas e n\u00e3o a regi\u00e3o de sa\u00fade que atenderia toda a popula\u00e7\u00e3o, explica a advogada.<\/p>\n<p>\u201cEsses indeferimentos, caso mantidos em esfera recursal, significam que os munic\u00edpios e suas regi\u00f5es de sa\u00fade deixar\u00e3o de ganhar. Seja no curto prazo, com atendimento m\u00e9dico \u00e0 popula\u00e7\u00e3o carente, que \u00e9 realizado pelos estudantes, professores e tutores. Seja a longo prazo, com a n\u00e3o forma\u00e7\u00e3o de profissionais que seriam inseridos no mercado de trabalho e os m\u00e9dicos que atenderiam em UPAs, hospitais e consult\u00f3rios.\u201d<\/p>\n<h2>Os impactos para as cidades negadas<\/h2>\n<p>\u200bCaso o Minist\u00e9rio da Educa\u00e7\u00e3o mantenha o entendimento de que somente munic\u00edpios com menos de 3,73 m\u00e9dicos por mil habitantes precisam de mais m\u00e9dicos, sem considerar os dados das regi\u00f5es de sa\u00fade onde est\u00e3o inseridos os munic\u00edpios, poder\u00e3o haver 43 pedidos de abertura de novos cursos de Medicina negados pelo MEC nos pr\u00f3ximos meses. \u00c9 o que aponta um levantamento da AMIES.<\/p>\n<p>\u200bSegundo a entidade, se essa expectativa for confirmada, essas regi\u00f5es continuar\u00e3o lutando com a falta de profissionais e deixar\u00e3o de ter novos profissionais formados ao t\u00e9rmino do ciclo da gradua\u00e7\u00e3o.<\/p>\n<p>\u201c\u200bAl\u00e9m disso, os munic\u00edpios deixar\u00e3o de arrecadar cerca de R$ 280 milh\u00f5es ao longo de seis anos \u2013 per\u00edodo necess\u00e1rio para a conclus\u00e3o do curso de Medicina. Esse valor representa uma m\u00e9dia do que essas 43 institui\u00e7\u00f5es pagariam de impostos, caso recebessem a autoriza\u00e7\u00e3o de funcionamento do MEC.\u201d<\/p>\n<\/div>\n","protected":false},"excerpt":{"rendered":"<p>Algumas regi\u00f5es t\u00eam menos de dois m\u00e9dicos por mil habitantes, enquanto o recomend\u00e1vel \u00e9 de 3,73 m\u00e9dicos segundo a Organiza\u00e7\u00e3o para a Coopera\u00e7\u00e3o e Desenvolvimento Econ\u00f4mico (OCDE) Enquanto a m\u00e9dia de profissionais m\u00e9dicos recomendados pela Organiza\u00e7\u00e3o para a Coopera\u00e7\u00e3o e Desenvolvimento Econ\u00f4mico (OCDE) deve ser de 3,73\/1000 habitantes, cidades das regi\u00f5es Norte e Nordeste do [&hellip;]<\/p>\n","protected":false},"author":1,"featured_media":133710,"comment_status":"closed","ping_status":"closed","sticky":false,"template":"","format":"standard","meta":[],"categories":[4,212,28],"tags":[],"_links":{"self":[{"href":"https:\/\/blitzconquista.com.br\/index.php?rest_route=\/wp\/v2\/posts\/133708"}],"collection":[{"href":"https:\/\/blitzconquista.com.br\/index.php?rest_route=\/wp\/v2\/posts"}],"about":[{"href":"https:\/\/blitzconquista.com.br\/index.php?rest_route=\/wp\/v2\/types\/post"}],"author":[{"embeddable":true,"href":"https:\/\/blitzconquista.com.br\/index.php?rest_route=\/wp\/v2\/users\/1"}],"replies":[{"embeddable":true,"href":"https:\/\/blitzconquista.com.br\/index.php?rest_route=%2Fwp%2Fv2%2Fcomments&post=133708"}],"version-history":[{"count":1,"href":"https:\/\/blitzconquista.com.br\/index.php?rest_route=\/wp\/v2\/posts\/133708\/revisions"}],"predecessor-version":[{"id":133711,"href":"https:\/\/blitzconquista.com.br\/index.php?rest_route=\/wp\/v2\/posts\/133708\/revisions\/133711"}],"wp:featuredmedia":[{"embeddable":true,"href":"https:\/\/blitzconquista.com.br\/index.php?rest_route=\/wp\/v2\/media\/133710"}],"wp:attachment":[{"href":"https:\/\/blitzconquista.com.br\/index.php?rest_route=%2Fwp%2Fv2%2Fmedia&parent=133708"}],"wp:term":[{"taxonomy":"category","embeddable":true,"href":"https:\/\/blitzconquista.com.br\/index.php?rest_route=%2Fwp%2Fv2%2Fcategories&post=133708"},{"taxonomy":"post_tag","embeddable":true,"href":"https:\/\/blitzconquista.com.br\/index.php?rest_route=%2Fwp%2Fv2%2Ftags&post=133708"}],"curies":[{"name":"wp","href":"https:\/\/api.w.org\/{rel}","templated":true}]}}