{"id":133880,"date":"2024-10-02T01:31:54","date_gmt":"2024-10-02T04:31:54","guid":{"rendered":"http:\/\/blitzconquista.com.br\/?p=133880"},"modified":"2024-10-02T01:31:54","modified_gmt":"2024-10-02T04:31:54","slug":"eleicoes-2024-gleisi-hoffmann-participa-de-ato-com-waldenor-em-conquista","status":"publish","type":"post","link":"https:\/\/blitzconquista.com.br\/?p=133880","title":{"rendered":"Elei\u00e7\u00f5es 2024: Gleisi Hoffmann participa de ato com Waldenor em Conquista"},"content":{"rendered":"<div class=\"noticia_imagem\"><a title=\"Elei\u00e7\u00f5es 2024: Gleisi Hoffmann participa de ato com Waldenor em Conquista\" href=\"https:\/\/blogdoredacao.com.br\/eleicoes-2024-gleisi-hoffmann-participa-de-ato-com-waldenor-em-conquista\/\"><img decoding=\"async\" loading=\"lazy\" class=\"img-responsive noticia_img wp-post-image aligncenter\" title=\"Elei\u00e7\u00f5es 2024: Gleisi Hoffmann participa de ato com Waldenor em Conquista\" src=\"https:\/\/blogdoredacao.com.br\/wp-content\/uploads\/2024\/09\/IMG_8852.jpeg\" alt=\"\" width=\"502\" height=\"334\" \/><\/a>A presidenta nacional do Partido dos Trabalhadores, Gleisi Hoffmann, esteve em Vit\u00f3ria da Conquista nesta ter\u00e7a-feira (1\u00ba), em evento com os candidatos \u00e0 C\u00e2mara de Vereadores, a prefeito e vice, Waldenor e Luciana, pela coliga\u00e7\u00e3o A For\u00e7a Pra Mudar Conquista.<\/div>\n<div class=\"post-content\">\n<p>\u201cA vinda da companheira Gleisi refor\u00e7a que a elei\u00e7\u00e3o em Vit\u00f3ria da Conquista \u00e9 prioridade para o PT da Bahia e do Brasil, para Jer\u00f4nimo e para o presidente Lula, e a nossa certeza de que Waldenor n\u00e3o s\u00f3 estar\u00e1 no segundo turno como vai vencer as elei\u00e7\u00f5es\u201d, destaca o presidente estadual do partido, \u00c9den Valadares.<\/p>\n<p>O encontro de campanha em apoio aos candidatos Waldenor e Luciana, realizado em um sal\u00e3o de eventos no bairro Jardim Guanabara, contou com a presen\u00e7a militantes das bases populares, vereadores, os ex-prefeitos Guilherme Menezes e Jos\u00e9 Raimundo Fontes, o presidente do PT no munic\u00edpio Isaac Bonfim, o presidente do PT estadual \u00c9den Valadares e a presidente do PT nacional deputada Gleise Hoffmamn.<\/p>\n<p>A fala dos participantes da mesa tratou da hist\u00f3ria da milit\u00e2ncia durante toda a exist\u00eancia do partido na cidade; o per\u00edodo de duas d\u00e9cadas em que representantes do partido administraram o munic\u00edpio; assim como a revolu\u00e7\u00e3o experimentada pela povo nas mais diversas \u00e1reas, traduzidas em benef\u00edcio de todos.<\/p>\n<p>Em junho de 2017, Gleisi foi eleita presidenta nacional do Partido dos Trabalhadores, sendo reeleita para o cargo durante o Processo de Elei\u00e7\u00e3o Direta (PED) de 2020. Atualmente, est\u00e1 em seu segundo mandato como deputada federal pelo PT-PR.<\/p>\n<\/div>\n","protected":false},"excerpt":{"rendered":"<p>A presidenta nacional do Partido dos Trabalhadores, Gleisi Hoffmann, esteve em Vit\u00f3ria da Conquista nesta ter\u00e7a-feira (1\u00ba), em evento com os candidatos \u00e0 C\u00e2mara de Vereadores, a prefeito e vice, Waldenor e Luciana, pela coliga\u00e7\u00e3o A For\u00e7a Pra Mudar Conquista. \u201cA vinda da companheira Gleisi refor\u00e7a que a elei\u00e7\u00e3o em Vit\u00f3ria da Conquista \u00e9 prioridade [&hellip;]<\/p>\n","protected":false},"author":1,"featured_media":133882,"comment_status":"closed","ping_status":"closed","sticky":false,"template":"","format":"standard","meta":[],"categories":[212,521],"tags":[],"_links":{"self":[{"href":"https:\/\/blitzconquista.com.br\/index.php?rest_route=\/wp\/v2\/posts\/133880"}],"collection":[{"href":"https:\/\/blitzconquista.com.br\/index.php?rest_route=\/wp\/v2\/posts"}],"about":[{"href":"https:\/\/blitzconquista.com.br\/index.php?rest_route=\/wp\/v2\/types\/post"}],"author":[{"embeddable":true,"href":"https:\/\/blitzconquista.com.br\/index.php?rest_route=\/wp\/v2\/users\/1"}],"replies":[{"embeddable":true,"href":"https:\/\/blitzconquista.com.br\/index.php?rest_route=%2Fwp%2Fv2%2Fcomments&post=133880"}],"version-history":[{"count":1,"href":"https:\/\/blitzconquista.com.br\/index.php?rest_route=\/wp\/v2\/posts\/133880\/revisions"}],"predecessor-version":[{"id":133883,"href":"https:\/\/blitzconquista.com.br\/index.php?rest_route=\/wp\/v2\/posts\/133880\/revisions\/133883"}],"wp:featuredmedia":[{"embeddable":true,"href":"https:\/\/blitzconquista.com.br\/index.php?rest_route=\/wp\/v2\/media\/133882"}],"wp:attachment":[{"href":"https:\/\/blitzconquista.com.br\/index.php?rest_route=%2Fwp%2Fv2%2Fmedia&parent=133880"}],"wp:term":[{"taxonomy":"category","embeddable":true,"href":"https:\/\/blitzconquista.com.br\/index.php?rest_route=%2Fwp%2Fv2%2Fcategories&post=133880"},{"taxonomy":"post_tag","embeddable":true,"href":"https:\/\/blitzconquista.com.br\/index.php?rest_route=%2Fwp%2Fv2%2Ftags&post=133880"}],"curies":[{"name":"wp","href":"https:\/\/api.w.org\/{rel}","templated":true}]}}