{"id":133951,"date":"2024-10-06T22:40:40","date_gmt":"2024-10-07T01:40:40","guid":{"rendered":"http:\/\/blitzconquista.com.br\/?p=133951"},"modified":"2024-10-06T22:40:40","modified_gmt":"2024-10-07T01:40:40","slug":"tse-atualiza-informacao-sobre-a-situacao-de-sheila-lemos","status":"publish","type":"post","link":"https:\/\/blitzconquista.com.br\/?p=133951","title":{"rendered":"TSE atualiza informa\u00e7\u00e3o sobre a situa\u00e7\u00e3o de Sheila Lemos"},"content":{"rendered":"<h2 style=\"text-align: center;\">Confiram no link: <a href=\"https:\/\/divulgacandcontas.tse.jus.br\/divulga\/#\/candidato\/NORDESTE\/BA\/2045202024\/50001884816\/2024\/39659\">https:\/\/divulgacandcontas.tse.jus.br\/divulga\/#\/candidato\/NORDESTE\/BA\/2045202024\/50001884816\/2024\/39659<\/a><\/h2>\n<p style=\"text-align: center;\"><img decoding=\"async\" loading=\"lazy\" class=\"size-large wp-image-133953 aligncenter\" src=\"http:\/\/blitzconquista.com.br\/wp-content\/uploads\/2024\/10\/sITUACAO-DE-SHEILA-Atualizacao-396x653.jpg\" alt=\"\" width=\"396\" height=\"653\" srcset=\"https:\/\/blitzconquista.com.br\/wp-content\/uploads\/2024\/10\/sITUACAO-DE-SHEILA-Atualizacao-396x653.jpg 396w, https:\/\/blitzconquista.com.br\/wp-content\/uploads\/2024\/10\/sITUACAO-DE-SHEILA-Atualizacao-182x300.jpg 182w, https:\/\/blitzconquista.com.br\/wp-content\/uploads\/2024\/10\/sITUACAO-DE-SHEILA-Atualizacao.jpg 423w\" sizes=\"(max-width: 396px) 100vw, 396px\" \/><\/p>\n<p>&nbsp;<\/p>\n<p>Vejam tamb\u00e9m o que publicou o site Avoador:<\/p>\n<p><img decoding=\"async\" loading=\"lazy\" class=\"size-full wp-image-133954 aligncenter\" src=\"http:\/\/blitzconquista.com.br\/wp-content\/uploads\/2024\/10\/sITUACAO-DE-SHEILA-Avoador.jpg\" alt=\"\" width=\"472\" height=\"585\" srcset=\"https:\/\/blitzconquista.com.br\/wp-content\/uploads\/2024\/10\/sITUACAO-DE-SHEILA-Avoador.jpg 472w, https:\/\/blitzconquista.com.br\/wp-content\/uploads\/2024\/10\/sITUACAO-DE-SHEILA-Avoador-242x300.jpg 242w\" sizes=\"(max-width: 472px) 100vw, 472px\" \/><\/p>\n<p><span class=\"_ap3a _aaco _aacu _aacx _aad7 _aade\" dir=\"auto\">&#8220;O sistema de contabiliza\u00e7\u00e3o de votos do Tribunal Superior Eleitoral (TSE), que apresenta os resultados das elei\u00e7\u00f5es municipais, traz a candidata Sheila Lemos (UB) com a informa\u00e7\u00e3o &#8220;Anulado Sub Judice&#8221;.<\/p>\n<p>O Tribunal Regional Eleitoral da Bahia (TRE-Bahia) julgou a candidatura da atual prefeita como ineleg\u00edvel, mas ela recorreu ao Supremo Tribunal Eleitoral (TSE), que ainda n\u00e3o deu um parecer sobre o caso. Como ainda est\u00e1 em tr\u00e2mite, ela teve o direito de receber votos neste 6 de outubro.<\/p>\n<p>De acordo com TSE, aquele que tem o registro indeferido sub judice ostenta o status de candidato at\u00e9 que haja o tr\u00e2nsito em julgado da decis\u00e3o (artigo 16-A, da Lei n\u00ba 9.504\/97). Isso significa que poder\u00e1 apresentar-se como candidato, praticar todos os atos de campanha e ter seu nome inclu\u00eddo na urna para concorrer.<\/p>\n<p>Ap\u00f3s a elei\u00e7\u00e3o os votos dados aos candidatos indeferidos sub judice ser\u00e3o computados como anulados sub judice (artigo 195, I, \u201ca\u201d e 198, I, \u201ca\u201d, da Resolu\u00e7\u00e3o TSE 23.611), embora sejam considerados no c\u00e1lculo dos percentuais quando da divulga\u00e7\u00e3o dos resultados, com a advert\u00eancia de que sua validade \u00e9 condicionada \u00e0 revers\u00e3o da decis\u00e3o desfavor\u00e1vel.<\/p>\n<p>Caso o indeferido sub judice ven\u00e7a a elei\u00e7\u00e3o, n\u00e3o poder\u00e1 ser diplomado e nem empossado, nos termos do artigo 220 da Resolu\u00e7\u00e3o TSE 23.611.&#8221;<\/span><\/p>\n<p>&nbsp;<\/p>\n","protected":false},"excerpt":{"rendered":"<p>Confiram no link: https:\/\/divulgacandcontas.tse.jus.br\/divulga\/#\/candidato\/NORDESTE\/BA\/2045202024\/50001884816\/2024\/39659 &nbsp; Vejam tamb\u00e9m o que publicou o site Avoador: &#8220;O sistema de contabiliza\u00e7\u00e3o de votos do Tribunal Superior Eleitoral (TSE), que apresenta os resultados das elei\u00e7\u00f5es municipais, traz a candidata Sheila Lemos (UB) com a informa\u00e7\u00e3o &#8220;Anulado Sub Judice&#8221;. O Tribunal Regional Eleitoral da Bahia (TRE-Bahia) julgou a candidatura da atual [&hellip;]<\/p>\n","protected":false},"author":1,"featured_media":133955,"comment_status":"closed","ping_status":"closed","sticky":false,"template":"","format":"standard","meta":[],"categories":[212,521],"tags":[],"_links":{"self":[{"href":"https:\/\/blitzconquista.com.br\/index.php?rest_route=\/wp\/v2\/posts\/133951"}],"collection":[{"href":"https:\/\/blitzconquista.com.br\/index.php?rest_route=\/wp\/v2\/posts"}],"about":[{"href":"https:\/\/blitzconquista.com.br\/index.php?rest_route=\/wp\/v2\/types\/post"}],"author":[{"embeddable":true,"href":"https:\/\/blitzconquista.com.br\/index.php?rest_route=\/wp\/v2\/users\/1"}],"replies":[{"embeddable":true,"href":"https:\/\/blitzconquista.com.br\/index.php?rest_route=%2Fwp%2Fv2%2Fcomments&post=133951"}],"version-history":[{"count":1,"href":"https:\/\/blitzconquista.com.br\/index.php?rest_route=\/wp\/v2\/posts\/133951\/revisions"}],"predecessor-version":[{"id":133956,"href":"https:\/\/blitzconquista.com.br\/index.php?rest_route=\/wp\/v2\/posts\/133951\/revisions\/133956"}],"wp:featuredmedia":[{"embeddable":true,"href":"https:\/\/blitzconquista.com.br\/index.php?rest_route=\/wp\/v2\/media\/133955"}],"wp:attachment":[{"href":"https:\/\/blitzconquista.com.br\/index.php?rest_route=%2Fwp%2Fv2%2Fmedia&parent=133951"}],"wp:term":[{"taxonomy":"category","embeddable":true,"href":"https:\/\/blitzconquista.com.br\/index.php?rest_route=%2Fwp%2Fv2%2Fcategories&post=133951"},{"taxonomy":"post_tag","embeddable":true,"href":"https:\/\/blitzconquista.com.br\/index.php?rest_route=%2Fwp%2Fv2%2Ftags&post=133951"}],"curies":[{"name":"wp","href":"https:\/\/api.w.org\/{rel}","templated":true}]}}