{"id":134137,"date":"2024-10-24T10:49:23","date_gmt":"2024-10-24T13:49:23","guid":{"rendered":"https:\/\/blitzconquista.com.br\/?p=134137"},"modified":"2024-10-24T10:51:05","modified_gmt":"2024-10-24T13:51:05","slug":"nota-conjunta-relativa-a-reuniao-entre-o-stf-camara-senado-e-executivo-sobre-emendas-parlamentares","status":"publish","type":"post","link":"https:\/\/blitzconquista.com.br\/?p=134137","title":{"rendered":"Nota conjunta relativa \u00e0 reuni\u00e3o entre o STF, C\u00e2mara, Senado e Executivo sobre emendas parlamentares"},"content":{"rendered":"<h3 class=\"noticia-titulo\" style=\"text-align: center;\"><span style=\"font-size: 16px;\">Participaram da reuni\u00e3o o presidente do STF, Lu\u00eds Roberto Barroso; o relator Fl\u00e1vio Dino; o presidente da C\u00e2mara, Arthur Lira; o presidente do Senado, Rodrigo Pacheco; e o ministro da AGU, Jorge Messias.<\/span><\/h3>\n<div class=\"col-md-6 m-auto p-0 m-b-16\">\n<div class=\"noticia-imagem\"><img decoding=\"async\" class=\"aligncenter\" src=\"https:\/\/noticias-stf-wp-prd.s3.sa-east-1.amazonaws.com\/wp-content\/uploads\/wpallimport\/uploads\/2024\/10\/23183543\/54088992143_9280706e0f_c.jpg\" alt=\"\" \/><\/div>\n<\/div>\n<div class=\"noticia-conteudo conteudo-iframe p-l-8 p-r-8 m-t-16\">\n<p>1. Os Poderes Executivo e Legislativo est\u00e3o em fase de conclus\u00e3o do Projeto de Lei Complementar sobre a regula\u00e7\u00e3o da execu\u00e7\u00e3o das emendas parlamentares daqui para frente. O texto ser\u00e1 finalizado at\u00e9 esta quinta-feira (24), com previs\u00e3o de aprecia\u00e7\u00e3o nas duas Casas Legislativas na pr\u00f3xima semana.<\/p>\n<p>2. Ap\u00f3s a vota\u00e7\u00e3o, o relator no STF ir\u00e1 avaliar a continuidade da execu\u00e7\u00e3o das emendas parlamentares e submeter o tema ao Plen\u00e1rio do Supremo Tribunal Federal.<\/p>\n<p>3. Em rela\u00e7\u00e3o aos anos anteriores, as equipes t\u00e9cnicas da C\u00e2mara, do Senado e do Executivo v\u00e3o prestar informa\u00e7\u00f5es nos autos, em conson\u00e2ncia com o ac\u00f3rd\u00e3o do Plen\u00e1rio do STF, proferido na ADPF 854, ora em fase de execu\u00e7\u00e3o.<\/p>\n<\/div>\n<p>Fonte: STF<\/p>\n","protected":false},"excerpt":{"rendered":"<p>Participaram da reuni\u00e3o o presidente do STF, Lu\u00eds Roberto Barroso; o relator Fl\u00e1vio Dino; o presidente da C\u00e2mara, Arthur Lira; o presidente do Senado, Rodrigo Pacheco; e o ministro da AGU, Jorge Messias. 1. Os Poderes Executivo e Legislativo est\u00e3o em fase de conclus\u00e3o do Projeto de Lei Complementar sobre a regula\u00e7\u00e3o da execu\u00e7\u00e3o das [&hellip;]<\/p>\n","protected":false},"author":1,"featured_media":134139,"comment_status":"closed","ping_status":"closed","sticky":false,"template":"","format":"standard","meta":[],"categories":[212,5],"tags":[],"_links":{"self":[{"href":"https:\/\/blitzconquista.com.br\/index.php?rest_route=\/wp\/v2\/posts\/134137"}],"collection":[{"href":"https:\/\/blitzconquista.com.br\/index.php?rest_route=\/wp\/v2\/posts"}],"about":[{"href":"https:\/\/blitzconquista.com.br\/index.php?rest_route=\/wp\/v2\/types\/post"}],"author":[{"embeddable":true,"href":"https:\/\/blitzconquista.com.br\/index.php?rest_route=\/wp\/v2\/users\/1"}],"replies":[{"embeddable":true,"href":"https:\/\/blitzconquista.com.br\/index.php?rest_route=%2Fwp%2Fv2%2Fcomments&post=134137"}],"version-history":[{"count":1,"href":"https:\/\/blitzconquista.com.br\/index.php?rest_route=\/wp\/v2\/posts\/134137\/revisions"}],"predecessor-version":[{"id":134140,"href":"https:\/\/blitzconquista.com.br\/index.php?rest_route=\/wp\/v2\/posts\/134137\/revisions\/134140"}],"wp:featuredmedia":[{"embeddable":true,"href":"https:\/\/blitzconquista.com.br\/index.php?rest_route=\/wp\/v2\/media\/134139"}],"wp:attachment":[{"href":"https:\/\/blitzconquista.com.br\/index.php?rest_route=%2Fwp%2Fv2%2Fmedia&parent=134137"}],"wp:term":[{"taxonomy":"category","embeddable":true,"href":"https:\/\/blitzconquista.com.br\/index.php?rest_route=%2Fwp%2Fv2%2Fcategories&post=134137"},{"taxonomy":"post_tag","embeddable":true,"href":"https:\/\/blitzconquista.com.br\/index.php?rest_route=%2Fwp%2Fv2%2Ftags&post=134137"}],"curies":[{"name":"wp","href":"https:\/\/api.w.org\/{rel}","templated":true}]}}