{"id":135027,"date":"2025-01-04T22:44:54","date_gmt":"2025-01-05T01:44:54","guid":{"rendered":"http:\/\/blitzconquista.com.br\/?p=135027"},"modified":"2025-01-04T22:44:54","modified_gmt":"2025-01-05T01:44:54","slug":"abraco-a-democracia-marcara-dois-anos-da-tentativa-de-golpe","status":"publish","type":"post","link":"https:\/\/blitzconquista.com.br\/?p=135027","title":{"rendered":"Abra\u00e7o \u00e0 democracia marcar\u00e1 dois anos da tentativa de golpe"},"content":{"rendered":"<div class=\"header-noticia full-width\">\n<h3 class=\"linha-fina-noticia\" style=\"text-align: center;\">Solenidade em Bras\u00edlia ter\u00e1 participa\u00e7\u00e3o do presidente Lula<\/h3>\n<\/div>\n<div class=\"capa-materia rel-position\">\n<figure><img decoding=\"async\" id=\"media-311322\" title=\"Marcelo Camargo\/Ag\u00eancia Brasil\" src=\"https:\/\/imagens.ebc.com.br\/eRJYWoe2dxwcQr9uy6XOK06gJfs=\/1170x700\/smart\/https:\/\/agenciabrasil.ebc.com.br\/sites\/default\/files\/thumbnails\/image\/manifestacao1_mcamgo_abr_080120231818-8.jpg?itok=3g3obO-U\" alt=\"Manifestantes invadem Congresso, STF e Pal\u00e1cio do Planalto.\" \/><figcaption class=\"credito-foto abs-position fullwidth\">\u00a9 Marcelo Camargo\/Ag\u00eancia Brasil<\/figcaption><\/figure>\n<\/div>\n<div class=\"conteudo-noticia\">\n<p>Na pr\u00f3xima quarta-feira (8), a tentativa de golpe contra a democracia no Brasil completa dois anos. A mem\u00f3ria dos atos de ataque \u00e0 soberania do povo, que causaram danos ao patrim\u00f4nio f\u00edsico e imaterial dos Tr\u00eas Poderes, ser\u00e1 lembrada pela recupera\u00e7\u00e3o das obras de arte destru\u00eddas e um abra\u00e7o simb\u00f3lico \u00e0 democracia com a participa\u00e7\u00e3o do presidente Luiz In\u00e1cio Lula da Silva.<img decoding=\"async\" src=\"https:\/\/agenciabrasil.ebc.com.br\/ebc.png?id=1625779&amp;o=node\" \/><img decoding=\"async\" src=\"https:\/\/agenciabrasil.ebc.com.br\/ebc.gif?id=1625779&amp;o=node\" \/><\/p>\n<p>De acordo com nota divulgada pelo Pal\u00e1cio do Planalto, uma extensa programa\u00e7\u00e3o est\u00e1 prevista para marcar a data, em Bras\u00edlia, com in\u00edcio \u00e0s 9h30, quando ter\u00e1 in\u00edcio a devolu\u00e7\u00e3o das obras de arte destru\u00eddas nos ataques de grupos bolsonaristas e, agora, restauradas.<\/p>\n<p><a href=\"https:\/\/agenciabrasil.ebc.com.br\/geral\/noticia\/2024-01\/palacios-destruidos-em-foram-restaurados-parte-do-acervo-nao\" target=\"_blank\" rel=\"noopener\">Ser\u00e3o restitu\u00eddas ao patrim\u00f4nio p\u00fablico 21 pe\u00e7as<\/a>, incluindo um rel\u00f3gio do s\u00e9culo 17, presente da Corte Francesa a Dom Jo\u00e3o VI, que virou s\u00edmbolo dos atos antidemocr\u00e1ticos. A pe\u00e7a ser\u00e1 entregue na Su\u00ed\u00e7a.<\/p>\n<p>A maior parte das obras de arte foi recuperada por equipes especializadas no pr\u00f3prio Pal\u00e1cio da Alvorada, com exce\u00e7\u00e3o do rel\u00f3gio, consertado na Su\u00ed\u00e7a sem custo para o governo brasileiro. A pe\u00e7a secular, junto com uma \u00e2nfora portuguesa em cer\u00e2mica esmaltada, teria exigido maior esfor\u00e7o na recupera\u00e7\u00e3o, devido \u00e0 dificuldade e delicadeza dos reparos.<\/p>\n<h2>Tela\u00a0<em>As Mulatas<\/em><\/h2>\n<p>A tela\u00a0<em>As Mulatas<\/em>, de Di Cavalcanti, retornar\u00e1 \u00e0 parede do Sal\u00e3o Nobre do Pal\u00e1cio do Planalto, em um ato de descerramento da obra de arte, que marcar\u00e1 uma atividade educativa durante a programa\u00e7\u00e3o. Estudantes do Projeto de Educa\u00e7\u00e3o Patrimonial entregar\u00e3o ao presidente Lula r\u00e9plicas da pintura e tamb\u00e9m da \u00e2nfora portuguesa.<\/p>\n<p>A cerim\u00f4nia prev\u00ea discursos e a descida da rampa do Pal\u00e1cio do Planalto de autoridades dos Tr\u00eas Poderes para um abra\u00e7o simb\u00f3lico \u00e0 democracia, com a participa\u00e7\u00e3o da popula\u00e7\u00e3o.\u00a0<a href=\"https:\/\/pt.org.br\/inscricao-ato\/\" target=\"_blank\" rel=\"noopener\">O Partido dos Trabalhadores<\/a>\u00a0disponibilizou um canal de cadastro popular para inscri\u00e7\u00e3o de interessados em participar da cerim\u00f4nia. S\u00e3o esperados, neste ato, representantes de entidades da sociedade civil, segmentos religiosos e sindicatos.<\/p>\n<\/div>\n<p>&nbsp;<\/p>\n<p>Fonte: Ag\u00eancia Brasil<\/p>\n","protected":false},"excerpt":{"rendered":"<p>Solenidade em Bras\u00edlia ter\u00e1 participa\u00e7\u00e3o do presidente Lula \u00a9 Marcelo Camargo\/Ag\u00eancia Brasil Na pr\u00f3xima quarta-feira (8), a tentativa de golpe contra a democracia no Brasil completa dois anos. A mem\u00f3ria dos atos de ataque \u00e0 soberania do povo, que causaram danos ao patrim\u00f4nio f\u00edsico e imaterial dos Tr\u00eas Poderes, ser\u00e1 lembrada pela recupera\u00e7\u00e3o das obras [&hellip;]<\/p>\n","protected":false},"author":1,"featured_media":135029,"comment_status":"closed","ping_status":"closed","sticky":false,"template":"","format":"standard","meta":[],"categories":[5],"tags":[],"_links":{"self":[{"href":"https:\/\/blitzconquista.com.br\/index.php?rest_route=\/wp\/v2\/posts\/135027"}],"collection":[{"href":"https:\/\/blitzconquista.com.br\/index.php?rest_route=\/wp\/v2\/posts"}],"about":[{"href":"https:\/\/blitzconquista.com.br\/index.php?rest_route=\/wp\/v2\/types\/post"}],"author":[{"embeddable":true,"href":"https:\/\/blitzconquista.com.br\/index.php?rest_route=\/wp\/v2\/users\/1"}],"replies":[{"embeddable":true,"href":"https:\/\/blitzconquista.com.br\/index.php?rest_route=%2Fwp%2Fv2%2Fcomments&post=135027"}],"version-history":[{"count":1,"href":"https:\/\/blitzconquista.com.br\/index.php?rest_route=\/wp\/v2\/posts\/135027\/revisions"}],"predecessor-version":[{"id":135030,"href":"https:\/\/blitzconquista.com.br\/index.php?rest_route=\/wp\/v2\/posts\/135027\/revisions\/135030"}],"wp:featuredmedia":[{"embeddable":true,"href":"https:\/\/blitzconquista.com.br\/index.php?rest_route=\/wp\/v2\/media\/135029"}],"wp:attachment":[{"href":"https:\/\/blitzconquista.com.br\/index.php?rest_route=%2Fwp%2Fv2%2Fmedia&parent=135027"}],"wp:term":[{"taxonomy":"category","embeddable":true,"href":"https:\/\/blitzconquista.com.br\/index.php?rest_route=%2Fwp%2Fv2%2Fcategories&post=135027"},{"taxonomy":"post_tag","embeddable":true,"href":"https:\/\/blitzconquista.com.br\/index.php?rest_route=%2Fwp%2Fv2%2Ftags&post=135027"}],"curies":[{"name":"wp","href":"https:\/\/api.w.org\/{rel}","templated":true}]}}