{"id":135776,"date":"2025-02-22T00:01:59","date_gmt":"2025-02-22T03:01:59","guid":{"rendered":"http:\/\/blitzconquista.com.br\/?p=135776"},"modified":"2025-02-22T00:01:59","modified_gmt":"2025-02-22T03:01:59","slug":"prf-na-bahia-intensifica-fiscalizacao-de-excesso-de-velocidade-na-operacao-carnaval-2025","status":"publish","type":"post","link":"https:\/\/blitzconquista.com.br\/?p=135776","title":{"rendered":"PRF na Bahia intensifica fiscaliza\u00e7\u00e3o de excesso de velocidade na Opera\u00e7\u00e3o Carnaval 2025"},"content":{"rendered":"<h3 class=\"documentDescription\" style=\"text-align: center;\">A\u00e7\u00f5es de policiamento ocorrer\u00e3o em todas as BRs que cortam a Bahia, com foco na velocidade, ultrapassagens proibidas e embriaguez ao volante<\/h3>\n<div id=\"viewlet-above-content-body\">\n<div id=\"media\"><img decoding=\"async\" loading=\"lazy\" class=\"aligncenter\" src=\"https:\/\/www.gov.br\/prf\/pt-br\/noticias\/estaduais\/bahia\/2025\/fevereiro\/prf-na-bahia-intensifica-fiscalizacao-de-excesso-de-velocidade-na-operacao-carnaval-2025\/dsc_0956.jpg\/@@images\/26a2a5ea-357f-45eb-9db0-115adea263d6.jpeg\" alt=\"DSC_0956.jpg\" width=\"768\" height=\"512\" \/><\/div>\n<\/div>\n<div id=\"content-core\">\n<div id=\"parent-fieldname-text\" class=\"\">\n<div>\n<p data-pm-slice=\"1 1 []\">A Pol\u00edcia Rodovi\u00e1ria Federal (PRF) dar\u00e1 in\u00edcio \u00e0 <strong>Opera\u00e7\u00e3o Carnaval 2025<\/strong>\u00a0nas rodovias federais que cortam a Bahia, a partir das\u00a0<strong>00h do dia 24\/02<\/strong>, com dura\u00e7\u00e3o at\u00e9\u00a0<strong>23h59 do dia 05\/03<\/strong>. Durante este per\u00edodo, milhares de foli\u00f5es, baianos e turistas circular\u00e3o pelas rodovias em dire\u00e7\u00e3o aos destinos de festa e lazer, o que demanda maior aten\u00e7\u00e3o para a seguran\u00e7a vi\u00e1ria.<\/p>\n<p>A PRF atuar\u00e1 para garantir fluidez no tr\u00e2nsito e prevenir sinistros, refor\u00e7ando a fiscaliza\u00e7\u00e3o em pontos estrat\u00e9gicos. Levando em considera\u00e7\u00e3o o aumento expressivo do fluxo de ve\u00edculos, o foco principal da opera\u00e7\u00e3o neste ano ser\u00e1\u00a0<strong>o excesso de velocidade<\/strong>, uma das principais causas de acidentes graves, juntamente com as ultrapassagens proibidas e a combina\u00e7\u00e3o de \u00e1lcool e dire\u00e7\u00e3o.<\/p>\n<p>Atenta a essa situa\u00e7\u00e3o, a PRF na Bahia mobilizou\u00a0<strong>todo o seu efetivo<\/strong>, que desde as primeiras horas da opera\u00e7\u00e3o estar\u00e1 monitorando e fiscalizando os quase\u00a0<strong>8 mil quil\u00f4metros<\/strong>\u00a0da malha federal. O patrulhamento ser\u00e1 intensificado nos\u00a0<strong>pontos cr\u00edticos<\/strong>, locais com maior incid\u00eancia de sinistros, infra\u00e7\u00f5es e ocorr\u00eancias criminais.<\/p>\n<p>A PRF tamb\u00e9m intensificou a fiscaliza\u00e7\u00e3o sobre as infra\u00e7\u00f5es mais recorrentes em feriados, incluindo\u00a0<strong>o n\u00e3o uso do cinto de seguran\u00e7a, ultrapassagens proibidas, embriaguez ao volante e o uso do celular<\/strong>.<\/p>\n<p>Para coibir o excesso de velocidade,\u00a0<strong>radares m\u00f3veis<\/strong>\u00a0ser\u00e3o amplamente utilizados nos principais corredores rodovi\u00e1rios do estado. Com isso, a PRF pretende\u00a0<strong>reduzir a gravidade dos acidentes<\/strong>, uma vez que a velocidade excessiva impacta diretamente a capacidade de rea\u00e7\u00e3o do condutor e o tempo de frenagem do ve\u00edculo.<\/p>\n<p>Al\u00e9m da fiscaliza\u00e7\u00e3o, a PRF refor\u00e7ou\u00a0<strong>a\u00e7\u00f5es educativas e preventivas<\/strong>, conscientizando os motoristas sobre a import\u00e2ncia do respeito \u00e0s leis de tr\u00e2nsito. Equipes especializadas tamb\u00e9m atuar\u00e3o no\u00a0<strong>combate ao crime<\/strong>, com apoio de\u00a0<strong>c\u00e3es farejadores<\/strong>, que auxiliam na identifica\u00e7\u00e3o de il\u00edcitos, especialmente no enfrentamento ao\u00a0<strong>tr\u00e1fico de drogas e armas<\/strong>.<\/p>\n<p>A Opera\u00e7\u00e3o Carnaval 2025 tamb\u00e9m ter\u00e1\u00a0<strong>aten\u00e7\u00e3o especial ao transporte coletivo de passageiros<\/strong>, com fiscaliza\u00e7\u00e3o rigorosa em \u00f4nibus de turismo e transporte interestadual nos principais acessos a Salvador e outras cidades movimentadas. Equipes da PRF realizar\u00e3o abordagens preventivas para garantir a seguran\u00e7a dos usu\u00e1rios.<\/p>\n<p class=\"callout\"><strong>Fluxo de ve\u00edculos<\/strong><\/p>\n<p>A expectativa \u00e9 de um\u00a0<strong>aumento de 10% a 15% no fluxo de ve\u00edculos<\/strong>\u00a0nas rodovias federais da Bahia durante o Carnaval. O pico de movimento na sa\u00edda para o feriado deve ocorrer\u00a0<strong>entre a tarde e a noite de sexta-feira (28) e na manh\u00e3 de s\u00e1bado (01)<\/strong>. J\u00e1 o retorno deve ter maior volume de ve\u00edculos\u00a0<strong>na tarde e noite de ter\u00e7a-feira (04)<\/strong>, com fluxo intenso tamb\u00e9m na\u00a0<strong>quarta-feira de cinzas (05)<\/strong>.<\/p>\n<p class=\"callout\"><strong>Orienta\u00e7\u00f5es para quem vai pegar a estrada<\/strong><\/p>\n<ul data-spread=\"false\">\n<li><strong>Respeite os limites de velocidade<\/strong>\u00a0e mantenha dist\u00e2ncia segura do ve\u00edculo \u00e0 frente.<\/li>\n<li><strong>Fa\u00e7a a revis\u00e3o do ve\u00edculo<\/strong>, verificando pneus, freios, ilumina\u00e7\u00e3o e itens obrigat\u00f3rios.<\/li>\n<li><strong>Todos os ocupantes devem usar cinto de seguran\u00e7a<\/strong>, inclusive no banco traseiro.<\/li>\n<li><strong>Evite dirigir sob efeito de \u00e1lcool<\/strong>. Se beber, n\u00e3o dirija.<\/li>\n<li><strong>Ultrapasse sempre pela esquerda<\/strong>\u00a0e apenas em locais permitidos.<\/li>\n<li><strong>Redobre a aten\u00e7\u00e3o em trechos urbanos e com grande fluxo de pedestres.<\/strong><\/li>\n<li><strong>Motociclistas devem utilizar capacete e equipamentos de prote\u00e7\u00e3o.<\/strong><\/li>\n<\/ul>\n<p>A PRF refor\u00e7a a import\u00e2ncia de atitudes respons\u00e1veis no tr\u00e2nsito e orienta os condutores a\u00a0<strong>planejar suas viagens com anteced\u00eancia<\/strong>. Em caso de emerg\u00eancias, o telefone\u00a0<strong>191<\/strong>\u00a0est\u00e1 dispon\u00edvel 24 horas.<\/p>\n<\/div>\n<\/div>\n<\/div>\n","protected":false},"excerpt":{"rendered":"<p>A\u00e7\u00f5es de policiamento ocorrer\u00e3o em todas as BRs que cortam a Bahia, com foco na velocidade, ultrapassagens proibidas e embriaguez ao volante A Pol\u00edcia Rodovi\u00e1ria Federal (PRF) dar\u00e1 in\u00edcio \u00e0 Opera\u00e7\u00e3o Carnaval 2025\u00a0nas rodovias federais que cortam a Bahia, a partir das\u00a000h do dia 24\/02, com dura\u00e7\u00e3o at\u00e9\u00a023h59 do dia 05\/03. Durante este per\u00edodo, milhares [&hellip;]<\/p>\n","protected":false},"author":1,"featured_media":135778,"comment_status":"closed","ping_status":"closed","sticky":false,"template":"","format":"standard","meta":[],"categories":[7],"tags":[],"_links":{"self":[{"href":"https:\/\/blitzconquista.com.br\/index.php?rest_route=\/wp\/v2\/posts\/135776"}],"collection":[{"href":"https:\/\/blitzconquista.com.br\/index.php?rest_route=\/wp\/v2\/posts"}],"about":[{"href":"https:\/\/blitzconquista.com.br\/index.php?rest_route=\/wp\/v2\/types\/post"}],"author":[{"embeddable":true,"href":"https:\/\/blitzconquista.com.br\/index.php?rest_route=\/wp\/v2\/users\/1"}],"replies":[{"embeddable":true,"href":"https:\/\/blitzconquista.com.br\/index.php?rest_route=%2Fwp%2Fv2%2Fcomments&post=135776"}],"version-history":[{"count":1,"href":"https:\/\/blitzconquista.com.br\/index.php?rest_route=\/wp\/v2\/posts\/135776\/revisions"}],"predecessor-version":[{"id":135779,"href":"https:\/\/blitzconquista.com.br\/index.php?rest_route=\/wp\/v2\/posts\/135776\/revisions\/135779"}],"wp:featuredmedia":[{"embeddable":true,"href":"https:\/\/blitzconquista.com.br\/index.php?rest_route=\/wp\/v2\/media\/135778"}],"wp:attachment":[{"href":"https:\/\/blitzconquista.com.br\/index.php?rest_route=%2Fwp%2Fv2%2Fmedia&parent=135776"}],"wp:term":[{"taxonomy":"category","embeddable":true,"href":"https:\/\/blitzconquista.com.br\/index.php?rest_route=%2Fwp%2Fv2%2Fcategories&post=135776"},{"taxonomy":"post_tag","embeddable":true,"href":"https:\/\/blitzconquista.com.br\/index.php?rest_route=%2Fwp%2Fv2%2Ftags&post=135776"}],"curies":[{"name":"wp","href":"https:\/\/api.w.org\/{rel}","templated":true}]}}