{"id":135791,"date":"2025-02-24T09:18:58","date_gmt":"2025-02-24T12:18:58","guid":{"rendered":"https:\/\/blitzconquista.com.br\/?p=135791"},"modified":"2025-02-24T09:18:58","modified_gmt":"2025-02-24T12:18:58","slug":"135791","status":"publish","type":"post","link":"https:\/\/blitzconquista.com.br\/?p=135791","title":{"rendered":""},"content":{"rendered":"<div class=\"pos-notc-header\">\n<div class=\"conteudo\">\n<div class=\"chapeu-ntc-interno\">Luto e vida<\/div>\n<h1 class=\"titulo\">D\u00f3i-me a vida\u2026<\/h1>\n<p class=\"subtitulo\">Para Christian Dunker (@chrisdunker) e Daniela Rodrigues Goulart (@goulartdani77)<\/p>\n<\/div>\n<\/div>\n<div class=\"conteudo\">\n<div class=\"pos-botoes-compartilhar\">\n<div class=\"botoes-compartilhar\"><\/div>\n<\/div>\n<div class=\"pos-conteudo pos-conteudo2 conteudo-noticia\">\n<div class=\"pos-capa-blog\">\n<div class=\"capa-blog\">\n<div>\n<p><img decoding=\"async\" loading=\"lazy\" class=\"aligncenter wp-image-135793 size-full\" src=\"http:\/\/blitzconquista.com.br\/wp-content\/uploads\/2025\/02\/b3694845-00c4-4638-92bd-b47e3265d86c.jpg\" alt=\"\" width=\"1032\" height=\"191\" srcset=\"https:\/\/blitzconquista.com.br\/wp-content\/uploads\/2025\/02\/b3694845-00c4-4638-92bd-b47e3265d86c.jpg 1032w, https:\/\/blitzconquista.com.br\/wp-content\/uploads\/2025\/02\/b3694845-00c4-4638-92bd-b47e3265d86c-300x56.jpg 300w, https:\/\/blitzconquista.com.br\/wp-content\/uploads\/2025\/02\/b3694845-00c4-4638-92bd-b47e3265d86c-695x129.jpg 695w, https:\/\/blitzconquista.com.br\/wp-content\/uploads\/2025\/02\/b3694845-00c4-4638-92bd-b47e3265d86c-768x142.jpg 768w, https:\/\/blitzconquista.com.br\/wp-content\/uploads\/2025\/02\/b3694845-00c4-4638-92bd-b47e3265d86c-990x183.jpg 990w\" sizes=\"(max-width: 1032px) 100vw, 1032px\" \/><\/p>\n<\/div>\n<\/div>\n<\/div>\n<div class=\"pos-texto\">\n<figure id=\"0\" class=\"image foto-capa img-capa-media\">\n<figure style=\"width: 641px\" class=\"wp-caption aligncenter\"><img decoding=\"async\" loading=\"lazy\" style=\"width: 708px; height: 461px;\" src=\"https:\/\/www.conquistadefato.com.br\/images\/noticias\/67604\/456a0e23ca1f9aef9fb7c788e0740b40.webp\" alt=\" \u00abThe Lake of Zug\u00bb de Joseph Mallord William Turne\" width=\"641\" height=\"417\" \/><figcaption class=\"wp-caption-text\">\u00abThe Lake of Zug\u00bb de Joseph Mallord William Turne<\/figcaption><\/figure><\/figure>\n<div class=\"texto\">\n<p>\u201cEstou\u00a0<span class=\"s8\"><span class=\"bumpedFont15\">num daqueles dias em que nunca tive futuro. H\u00e1 s\u00f3 um presente im\u00f3vel com um muro de ang\u00fastia em torno\u201d, este \u00e9 um trecho de uma carta de Fernando Pessoa\u00a0<\/span><\/span><span class=\"s8\"><span class=\"bumpedFont15\">para<\/span><\/span><span class=\"s8\"><span class=\"bumpedFont15\">\u00a0M\u00e1rio de S\u00e1 Carneiro, em 14 de mar\u00e7o de 1915. Um excerto muito pr\u00f3prio aos meus dias, tempo de vacas magras, tais as adversidades. Curioso \u00e9 que, no tempo de Jos\u00e9 do Egito, as vacas magras e feias comiam as vacas gordas e saud\u00e1veis. No meu, elas devoram tudo que encontram pela frente.<\/span><\/span><\/p>\n<p><span class=\"s8\"><span class=\"bumpedFont15\">Famintas, comeram meu sil\u00eancio, minha dor de cabe\u00e7a, meu medo da morte. Devoraram tudo at\u00e9 roer. Por isto, ando (j\u00e1 faz uns tempos) pensando em Arthur Schopenhauer (1788-1860). Quando eu era jovem, o fil\u00f3sofo alem\u00e3o era minha leitura de presun\u00e7\u00e3o, afinal Schopenhauer dava ares de gravidade ao menino esquivo, sempre nos cantos.<\/span><\/span><\/p>\n<p><span class=\"s8\"><span class=\"bumpedFont15\">N\u00e3o dava para fazer sucesso com as meninas, \u00e9 evidente. Por\u00e9m, alimentava intrigas intelectuais em mesa de bar. Mas, hoje, o fil\u00f3sofo \u00e9 um inc\u00f4modo. \u00c9 quase um Gregor\u00a0<\/span><\/span><span class=\"s8\"><span class=\"bumpedFont15\">Samsa\u00a0<\/span><\/span><span class=\"s8\"><span class=\"bumpedFont15\">(personagem de Kafka, em \u201cA Metamorfose\u201d), imenso<\/span><\/span><span class=\"s8\"><span class=\"bumpedFont15\">\u00a0e grave<\/span><\/span><span class=\"s8\"><span class=\"bumpedFont15\">, no meio da minha sala.<\/span><\/span><\/p>\n<p><span class=\"s8\"><span class=\"bumpedFont15\">\u00c9 que um dos conceitos-chave de Schopenhauer \u00e9 o de vontade, do qual compreendo ser uma for\u00e7a, um impulso fundamental para a exist\u00eancia, i.e., um esfor\u00e7o incessante ou um impulso constante e implac\u00e1vel para ser e continuar. O que \u00e9, para mim, o grande problema, ou o processo \u2014 lembrando uma cr\u00f4nica de Clarice Lispector<\/span><\/span><span class=\"s8\"><span class=\"bumpedFont15\">\u00a0(1920-1977) \u2014, pois,\u00a0<\/span><\/span><span class=\"s8\"><span class=\"bumpedFont15\">o que posso pensar da vida que n\u00e3o est\u00e1 aguentando viver? E n\u00e3o quer continuar, portanto?<\/span><\/span><\/p>\n<p><span class=\"s8\"><span class=\"bumpedFont15\">Sim, a vida \u00e9 t\u00e3o curta, mas h\u00e1 gente que n\u00e3o aguenta viver e, ainda pensando Clarice, h\u00e1 coisas impensadas, h\u00e1 muitas coisas, coisas de que eu desesperava por n\u00e3o saber falar delas.\u00a0<\/span><\/span><span class=\"s8\"><span class=\"bumpedFont15\">Mas<\/span><\/span><span class=\"s8\"><span class=\"bumpedFont15\">, sempre, sempre me doeu a vida que n\u00e3o quer viver.\u00a0<\/span><\/span><span class=\"s8\"><span class=\"bumpedFont15\">E<\/span><\/span><span class=\"s8\"><span class=\"bumpedFont15\">\u00a0hoje decidi falar.<\/span><\/span><\/p>\n<p><span class=\"s8\"><span class=\"bumpedFont15\">Os meus dias \u201cdaqueles\u201d s\u00e3o tal e qual \u201cO Menino que Escrevia Versos\u201d de Mia Couto. Donde se l\u00ea o seguinte di\u00e1logo: \u201cD\u00f3i-te alguma coisa?\u201d, pergunta o m\u00e9dico ao menino, que responde: \u201cD\u00f3i-me a vida, doutor\u201d.\u00a0<\/span><\/span><span class=\"s8\"><span class=\"bumpedFont15\">H<\/span><\/span><span class=\"s8\"><span class=\"bumpedFont15\">oje, a minha vida-do\u00edda se passa ao lado de dois velhos cansados, cheios e repletos de todos os cansa\u00e7os, tantos quanto a velhice e a doen\u00e7a podem dar. E, meu Deus, como eles est\u00e3o cansados. Est\u00e3o exaustos, sobretudo, dela: a vida. Pode imaginar o quanto isso me d\u00f3i? N\u00e3o, n\u00e3o pode n\u00e3o.<\/span><\/span><\/p>\n<p><span class=\"s8\"><span class=\"bumpedFont15\">Pois bem, atualmente, minha vida \u00e9 compartilhada com duas pessoas idosas que carregam o peso da exist\u00eancia. N\u00e3o se trata somente do cansa\u00e7o f\u00edsico, mas sim de uma exaust\u00e3o profunda. Resultado de todas as prova\u00e7\u00f5es e desilus\u00f5es que a vida lhes imp\u00f5e hoje e eles sabem que vai lhes impor amanh\u00e3, o que faz deles saturados da pr\u00f3pria exist\u00eancia, da pr\u00f3pria vontade de existir e n\u00e3o querer continuar, \u00e0s vezes.<\/span><\/span><\/p>\n<p><span class=\"s8\"><span class=\"bumpedFont15\">Em livro cl\u00e1ssico, \u201cLuto e Melancolia\u201d, de 1917, Sigmund Freud\u00a0<\/span><\/span><span class=\"s8\"><span class=\"bumpedFont15\">(1856-1939)\u00a0<\/span><\/span><span class=\"s8\"><span class=\"bumpedFont15\">assevera que depois de algum tempo o luto ser\u00e1 superado. O problema \u00e9: quando? Quando \u00e9\/ser\u00e1 \u201cdepois de algum tempo\u201d? Amanh\u00e3? N\u00e3o se sabe! Porque n\u00e3o existe tempo certo de luto.\u00a0<\/span><\/span><span class=\"s8\"><span class=\"bumpedFont15\">O<\/span><\/span><span class=\"s8\"><span class=\"bumpedFont15\">\u00a0tempo do luto \u00e9 outro.<\/span><\/span><\/p>\n<p><span class=\"s8\"><span class=\"bumpedFont15\">Por vezes, \u00e9\u00a0<\/span><\/span><span class=\"s8\"><span class=\"bumpedFont15\">inadmiss\u00edvel<\/span><\/span><span class=\"s8\"><span class=\"bumpedFont15\">, \u00e9\u00a0<\/span><\/span><span class=\"s8\"><span class=\"bumpedFont15\">infinito<\/span><\/span><span class=\"s8\"><span class=\"bumpedFont15\">, diria Christian\u00a0<\/span><\/span><span class=\"s8\"><span class=\"bumpedFont15\">Dunker<\/span><\/span><span class=\"s8\"><span class=\"bumpedFont15\">.\u00a0<\/span><\/span><span class=\"s8\"><span class=\"bumpedFont15\">\u00c9 uma travessia da gente enorme, como diria Riobaldo. E, adaptando Guimar\u00e3es Rosa, o luto n\u00e3o est\u00e1 no in\u00edcio, nem no fim; ele se mostra\u00a0<\/span><\/span><span class=\"s8\"><span class=\"bumpedFont15\">pra<\/span><\/span><span class=\"s8\"><span class=\"bumpedFont15\">\u00a0gente \u00e9 no meio da travessia \u2014 a toda travessia. \u00c9 uma experi\u00eancia que transcende a compreens\u00e3o, \u00e9 uma dor que nem Schopenhauer, nem filosofia nenhuma est\u00e1 dando conta.<\/span><\/span><\/p>\n<p><span class=\"s8\"><span class=\"bumpedFont15\">Pelo menos h\u00e1 a literatura, a poesia.<\/span><\/span><\/p>\n<p><span class=\"s8\"><span class=\"bumpedFont15\">Na sequ\u00eancia daquele di\u00e1logo entre menino e doutor, este \u00faltimo questiona o menino-poeta sobre o que ele faz nas horas em que lhe assaltam suas dores, ao que o garoto responde: \u201cO que melhor sei fazer, excel\u00eancia\u201d. O doutor insiste em saber o que \u00e9 e o menino arremata: \u201c\u00c9 sonhar\u201d!<\/span><\/span><\/p>\n<p><span class=\"s8\"><span class=\"bumpedFont15\">E, porque d\u00f3i-me a vida que n\u00e3o quer viver, e, porque eu tamb\u00e9m estive de luto, eu\u00a0<\/span><\/span><span class=\"s8\"><span class=\"bumpedFont15\">ainda\u00a0<\/span><\/span><span class=\"s8\"><span class=\"bumpedFont15\">tento sonhar como Ad\u00e9lia Prado:<\/span><\/span><\/p>\n<p class=\"s10\"><span class=\"s9\"><span class=\"bumpedFont15\">Eu sempre sonho que uma coisa gera,<\/span><\/span><\/p>\n<p class=\"s10\"><span class=\"s9\"><span class=\"bumpedFont15\">nunca nada est\u00e1 morto.<\/span><\/span><\/p>\n<p class=\"s10\"><span class=\"s9\"><span class=\"bumpedFont15\">O que n\u00e3o parece vivo, aduba.<\/span><\/span><\/p>\n<p class=\"s10\"><span class=\"s9\"><span class=\"bumpedFont15\">O que parece est\u00e1tico, espera.<\/span><\/span><\/p>\n<\/div>\n<\/div>\n<\/div>\n<\/div>\n","protected":false},"excerpt":{"rendered":"<p>Luto e vida D\u00f3i-me a vida\u2026 Para Christian Dunker (@chrisdunker) e Daniela Rodrigues Goulart (@goulartdani77) \u201cEstou\u00a0num daqueles dias em que nunca tive futuro. H\u00e1 s\u00f3 um presente im\u00f3vel com um muro de ang\u00fastia em torno\u201d, este \u00e9 um trecho de uma carta de Fernando Pessoa\u00a0para\u00a0M\u00e1rio de S\u00e1 Carneiro, em 14 de mar\u00e7o de 1915. Um [&hellip;]<\/p>\n","protected":false},"author":1,"featured_media":135800,"comment_status":"closed","ping_status":"closed","sticky":false,"template":"","format":"standard","meta":[],"categories":[1,212,29],"tags":[],"_links":{"self":[{"href":"https:\/\/blitzconquista.com.br\/index.php?rest_route=\/wp\/v2\/posts\/135791"}],"collection":[{"href":"https:\/\/blitzconquista.com.br\/index.php?rest_route=\/wp\/v2\/posts"}],"about":[{"href":"https:\/\/blitzconquista.com.br\/index.php?rest_route=\/wp\/v2\/types\/post"}],"author":[{"embeddable":true,"href":"https:\/\/blitzconquista.com.br\/index.php?rest_route=\/wp\/v2\/users\/1"}],"replies":[{"embeddable":true,"href":"https:\/\/blitzconquista.com.br\/index.php?rest_route=%2Fwp%2Fv2%2Fcomments&post=135791"}],"version-history":[{"count":4,"href":"https:\/\/blitzconquista.com.br\/index.php?rest_route=\/wp\/v2\/posts\/135791\/revisions"}],"predecessor-version":[{"id":135801,"href":"https:\/\/blitzconquista.com.br\/index.php?rest_route=\/wp\/v2\/posts\/135791\/revisions\/135801"}],"wp:featuredmedia":[{"embeddable":true,"href":"https:\/\/blitzconquista.com.br\/index.php?rest_route=\/wp\/v2\/media\/135800"}],"wp:attachment":[{"href":"https:\/\/blitzconquista.com.br\/index.php?rest_route=%2Fwp%2Fv2%2Fmedia&parent=135791"}],"wp:term":[{"taxonomy":"category","embeddable":true,"href":"https:\/\/blitzconquista.com.br\/index.php?rest_route=%2Fwp%2Fv2%2Fcategories&post=135791"},{"taxonomy":"post_tag","embeddable":true,"href":"https:\/\/blitzconquista.com.br\/index.php?rest_route=%2Fwp%2Fv2%2Ftags&post=135791"}],"curies":[{"name":"wp","href":"https:\/\/api.w.org\/{rel}","templated":true}]}}