{"id":136217,"date":"2025-03-21T12:17:56","date_gmt":"2025-03-21T15:17:56","guid":{"rendered":"http:\/\/blitzconquista.com.br\/?p=136217"},"modified":"2025-03-21T12:17:56","modified_gmt":"2025-03-21T15:17:56","slug":"orcamento-de-2025-e-aprovado-pelo-congresso-nacional","status":"publish","type":"post","link":"https:\/\/blitzconquista.com.br\/?p=136217","title":{"rendered":"Or\u00e7amento de 2025 \u00e9 aprovado pelo Congresso Nacional"},"content":{"rendered":"<div class=\"header-noticia full-width\">\n<h3 class=\"linha-fina-noticia\" style=\"text-align: center;\">Norma prev\u00ea super\u00e1vit prim\u00e1rio de R$ 15 bilh\u00f5es nas contas p\u00fablicas<\/h3>\n<\/div>\n<div class=\"subheader\">\n<div class=\"container-autoria\"><\/div>\n<\/div>\n<div class=\"capa-materia rel-position\">\n<figure>\n<figure style=\"width: 1170px\" class=\"wp-caption aligncenter\"><img decoding=\"async\" loading=\"lazy\" id=\"media-418131\" title=\"Lula Marques\/Ag\u00eancia Brasil\" src=\"https:\/\/imagens.ebc.com.br\/MmBIbQOk775gchBiDYCsLcblzeE=\/1170x700\/smart\/https:\/\/agenciabrasil.ebc.com.br\/sites\/default\/files\/thumbnails\/image\/2025\/03\/20\/lula5688.jpg?itok=B8JuMt7s\" alt=\"Bras\u00edlia (DF), 20\/03\/2025  - Sess\u00e3o do congresso que votou o or\u00e7amento de 2025. Foto: Lula Marques\/Ag\u00eancia Brasil\" width=\"1170\" height=\"700\" \/><figcaption class=\"wp-caption-text\">\u00a9 Lula Marques\/Ag\u00eancia Brasil<\/figcaption><\/figure><\/figure>\n<\/div>\n<div class=\"conteudo-noticia\">\n<p><strong>Senadores e deputados federais aprovaram, em vota\u00e7\u00e3o simb\u00f3lica, na tarde desta quinta-feira (20), <a href=\"https:\/\/www.congressonacional.leg.br\/web\/cmo\/comunicados\/-\/blogs\/loa-2025-relatorio-final-apresentado\">o relat\u00f3rio final<\/a> do Projeto de Lei Or\u00e7ament\u00e1ria Anual (PLOA) para 2025. <\/strong>O texto j\u00e1 havia passado, mais cedo, <a href=\"https:\/\/agenciabrasil.ebc.com.br\/politica\/noticia\/2025-03\/comissao-mista-aprova-orcamento-de-2025-apos-ajustes-no-texto\">pela Comiss\u00e3o Mista do Or\u00e7amento (CMO)<\/a>.<img decoding=\"async\" src=\"https:\/\/agenciabrasil.ebc.com.br\/ebc.png?id=1635423&amp;o=node\" \/><img decoding=\"async\" src=\"https:\/\/agenciabrasil.ebc.com.br\/ebc.gif?id=1635423&amp;o=node\" \/><\/p>\n<p>A aprova\u00e7\u00e3o do Or\u00e7amento encerra um impasse que durou cerca de tr\u00eas meses, j\u00e1 que a medida deveria ter sido aprovada no fim do ano passado, mas foi postergada em meio a crise sobre a libera\u00e7\u00e3o de emendas parlamentares e a vota\u00e7\u00e3o do pacote fiscal que havia dominado a agenda legislativa em dezembro.<\/p>\n<p>Agora, o texto da Lei Or\u00e7ament\u00e1ria Anual segue para san\u00e7\u00e3o presidencial. <strong>A norma prev\u00ea super\u00e1vit prim\u00e1rio de R$ 15 bilh\u00f5es nas contas p\u00fablicas para este ano<\/strong>. Al\u00e9m disso, est\u00e3o previstos R$ 50,4 bilh\u00f5es para emendas parlamentares.<\/p>\n<p>Esse resultado, se confirmado, cumpre a regra de meta fiscal prim\u00e1ria zero, conforme determina o arcabou\u00e7o fiscal em vigor que limita as despesas da Uni\u00e3o. Os gastos prim\u00e1rios s\u00e3o aqueles que excluem o valor gasto com a d\u00edvida p\u00fablica.<\/p>\n<p>Ao todo, <strong>o substitutivo do relator prev\u00ea R$ 5,8 trilh\u00f5es em despesas para 2025, sendo R$ 1,6 trilh\u00e3o apenas para o refinanciamento da d\u00edvida p\u00fablica, <\/strong>com pagamento de juros e amortiza\u00e7\u00f5es. J\u00e1 a Seguridade Social deve custar R$ 1,8 trilh\u00e3o, segundo o relat\u00f3rio.<\/p>\n<p>Outros 2,2 trilh\u00f5es s\u00e3o para o chamado or\u00e7amento fiscal, usado para financiar todos os poderes da Rep\u00fablica, o que abrange os tr\u00eas poderes, seus fundos, \u00f3rg\u00e3os, autarquias, inclusive as funda\u00e7\u00f5es mantidas pelo Poder P\u00fablico. Do total dos R$ 5,8 trilh\u00f5es previstos no relat\u00f3rio, R$ 166 bilh\u00f5es s\u00e3o para investimentos, como compra de equipamentos e obras.<\/p>\n<p><strong>Com rela\u00e7\u00e3o aos programas do governo, houve diminui\u00e7\u00e3o de recursos para o Bolsa Fam\u00edlia, para R$ 160 bilh\u00f5es <\/strong>(R$ 9 bilh\u00f5es a menos que em 2024) e aumento para o Programa de Acelera\u00e7\u00e3o do Crescimento (PAC), que ter\u00e1 R$ 60 bilh\u00f5es dispon\u00edveis (R$ 13,1 bilh\u00f5es a mais.<\/p>\n<p><strong>Tamb\u00e9m foram assegurados recursos para programas como o Vale-G\u00e1s (R$ 3,6 bilh\u00f5es) e Farm\u00e1cia Popular (R$ 4,2 bilh\u00f5es).<\/strong><\/p>\n<p>O governo fez um acordo com o relator do Or\u00e7amento, o senador \u00c2ngelo Coronel (PSD-BA) <a href=\"https:\/\/agenciabrasil.ebc.com.br\/economia\/noticia\/2025-03\/governo-faz-acordo-para-incluir-pe-de-meia-e-vale-gas-no-orcamento\">para a inclus\u00e3o do programa P\u00e9-de-Meia<\/a>, do Minist\u00e9rio da Educa\u00e7\u00e3o (MEC) na lei or\u00e7ament\u00e1ria.<\/p>\n<p>Pelo acordo, o Poder Executivo se comprometeu a enviar novo projeto com verbas para financiar o programa que paga uma mesada de R$ 200 a mais de 3,9 milh\u00f5es de estudantes de baixa renda no ensino m\u00e9dio, para que se mantenham na escola.<\/p>\n<\/div>\n<p>&nbsp;<\/p>\n<p>Fonte: Ag\u00eancia Brasil<\/p>\n","protected":false},"excerpt":{"rendered":"<p>Norma prev\u00ea super\u00e1vit prim\u00e1rio de R$ 15 bilh\u00f5es nas contas p\u00fablicas Senadores e deputados federais aprovaram, em vota\u00e7\u00e3o simb\u00f3lica, na tarde desta quinta-feira (20), o relat\u00f3rio final do Projeto de Lei Or\u00e7ament\u00e1ria Anual (PLOA) para 2025. O texto j\u00e1 havia passado, mais cedo, pela Comiss\u00e3o Mista do Or\u00e7amento (CMO). A aprova\u00e7\u00e3o do Or\u00e7amento encerra um [&hellip;]<\/p>\n","protected":false},"author":1,"featured_media":136219,"comment_status":"closed","ping_status":"closed","sticky":false,"template":"","format":"standard","meta":[],"categories":[212,5],"tags":[],"_links":{"self":[{"href":"https:\/\/blitzconquista.com.br\/index.php?rest_route=\/wp\/v2\/posts\/136217"}],"collection":[{"href":"https:\/\/blitzconquista.com.br\/index.php?rest_route=\/wp\/v2\/posts"}],"about":[{"href":"https:\/\/blitzconquista.com.br\/index.php?rest_route=\/wp\/v2\/types\/post"}],"author":[{"embeddable":true,"href":"https:\/\/blitzconquista.com.br\/index.php?rest_route=\/wp\/v2\/users\/1"}],"replies":[{"embeddable":true,"href":"https:\/\/blitzconquista.com.br\/index.php?rest_route=%2Fwp%2Fv2%2Fcomments&post=136217"}],"version-history":[{"count":1,"href":"https:\/\/blitzconquista.com.br\/index.php?rest_route=\/wp\/v2\/posts\/136217\/revisions"}],"predecessor-version":[{"id":136220,"href":"https:\/\/blitzconquista.com.br\/index.php?rest_route=\/wp\/v2\/posts\/136217\/revisions\/136220"}],"wp:featuredmedia":[{"embeddable":true,"href":"https:\/\/blitzconquista.com.br\/index.php?rest_route=\/wp\/v2\/media\/136219"}],"wp:attachment":[{"href":"https:\/\/blitzconquista.com.br\/index.php?rest_route=%2Fwp%2Fv2%2Fmedia&parent=136217"}],"wp:term":[{"taxonomy":"category","embeddable":true,"href":"https:\/\/blitzconquista.com.br\/index.php?rest_route=%2Fwp%2Fv2%2Fcategories&post=136217"},{"taxonomy":"post_tag","embeddable":true,"href":"https:\/\/blitzconquista.com.br\/index.php?rest_route=%2Fwp%2Fv2%2Ftags&post=136217"}],"curies":[{"name":"wp","href":"https:\/\/api.w.org\/{rel}","templated":true}]}}