{"id":136236,"date":"2025-03-24T09:32:57","date_gmt":"2025-03-24T12:32:57","guid":{"rendered":"http:\/\/blitzconquista.com.br\/?p=136236"},"modified":"2025-03-24T09:32:57","modified_gmt":"2025-03-24T12:32:57","slug":"prf-participa-do-7o-encontro-de-guardas-municipais-femininas-da-bahia","status":"publish","type":"post","link":"https:\/\/blitzconquista.com.br\/?p=136236","title":{"rendered":"PRF participa do 7\u00ba Encontro de Guardas Municipais Femininas da Bahia"},"content":{"rendered":"<h3 class=\"documentDescription\" style=\"text-align: center;\">Evento fortalece a atua\u00e7\u00e3o das mulheres na seguran\u00e7a p\u00fablica e promove troca de experi\u00eancias<\/h3>\n<div id=\"viewlet-above-content-body\">\n<div class=\"swiper-container swiper-container-horizontal\">\n<div class=\"swiper-wrapper\">\n<div class=\"swiper-slide swiper-slide-prev\">\n<div class=\"swiper-player aspect-16-9\">\n<div class=\"swiper-image-wrapper\"><img decoding=\"async\" loading=\"lazy\" class=\"aligncenter\" src=\"https:\/\/www.gov.br\/prf\/pt-br\/noticias\/estaduais\/bahia\/2025\/marco\/prf-participa-do-7o-encontro-de-guardas-municipais-femininas-da-bahia\/whatsapp-image-2025-03-21-at-08-50-59-1.jpeg\/@@images\/15d2ff75-d27f-4881-928e-2b492da91470.jpeg\" alt=\"WhatsApp Image 2025-03-21 at 08.50.59 (1).jpeg\" width=\"768\" height=\"576\" \/><\/div>\n<\/div>\n<\/div>\n<div class=\"swiper-slide\">\n<div class=\"swiper-player aspect-16-9\">\n<div class=\"swiper-image-wrapper\"><\/div>\n<\/div>\n<div class=\"swiper-description\"><\/div>\n<\/div>\n<\/div>\n<\/div>\n<\/div>\n<div id=\"content-core\">\n<div id=\"parent-fieldname-text\" class=\"\">\n<div>\n<p data-start=\"232\" data-end=\"635\">A Pol\u00edcia Rodovi\u00e1ria Federal (PRF) marcou presen\u00e7a, na noite ontem (20), na abertura do 7\u00ba Encontro de Guardas Municipais Femininas da Bahia, realizado na cidade de Jeremoabo (BA). O evento, sediado na Escola Estadual Raso da Catarina e no Teatro Maria Leide, re\u00fane profissionais de diversas cidades baianas e de estados como Sergipe e Rio de Janeiro, com o objetivo de fortalecer o papel das mulheres na seguran\u00e7a p\u00fablica.<\/p>\n<p data-start=\"637\" data-end=\"1126\">Representando a PRF, a policial Michelle Alencar apresentou a\u00a0<em data-start=\"699\" data-end=\"722\">Opera\u00e7\u00e3o Rosas de A\u00e7o<\/em>, uma iniciativa da institui\u00e7\u00e3o realizada em alus\u00e3o ao Dia Internacional da Mulher, voltada ao enfrentamento \u00e0 viol\u00eancia contra a mulher e ao fortalecimento da presen\u00e7a feminina na \u00e1rea da seguran\u00e7a p\u00fablica. Durante sua participa\u00e7\u00e3o, destacou a import\u00e2ncia da integra\u00e7\u00e3o entre as for\u00e7as de seguran\u00e7a e da atua\u00e7\u00e3o feminina na \u00e1rea, compartilhando experi\u00eancias e a\u00e7\u00f5es realizadas pela PRF nesse contexto.<\/p>\n<p>A policial sentiu-se lisonjeada pelo convite para participar do evento, destacando a import\u00e2ncia do di\u00e1logo e da coopera\u00e7\u00e3o entre as for\u00e7as de seguran\u00e7a para uma atua\u00e7\u00e3o mais eficaz e integrada. O encontro tamb\u00e9m proporcionou uma oportunidade para fortalecer la\u00e7os institucionais e compartilhar experi\u00eancias entre as profissionais da \u00e1rea.<\/p>\n<div class=\"swiper-slide swiper-slide-prev\">\n<div class=\"swiper-description\"><\/div>\n<\/div>\n<div class=\"swiper-slide swiper-slide-active\">\n<div class=\"swiper-player aspect-16-9\">\n<div class=\"swiper-image-wrapper\"><img decoding=\"async\" loading=\"lazy\" class=\"aligncenter\" src=\"https:\/\/www.gov.br\/prf\/pt-br\/noticias\/estaduais\/bahia\/2025\/marco\/prf-participa-do-7o-encontro-de-guardas-municipais-femininas-da-bahia\/whatsapp-image-2025-03-21-at-08-51-00.jpeg\/@@images\/017333ab-0161-434e-aeab-60aa6d2eed5c.jpeg\" alt=\"WhatsApp Image 2025-03-21 at 08.51.00.jpeg\" width=\"768\" height=\"576\" \/><\/div>\n<\/div>\n<div class=\"swiper-description\"><\/div>\n<\/div>\n<div class=\"swiper-slide swiper-slide-next\">\n<div class=\"swiper-player aspect-16-9\">\n<div class=\"swiper-image-wrapper\"><img decoding=\"async\" loading=\"lazy\" class=\"aligncenter\" src=\"https:\/\/www.gov.br\/prf\/pt-br\/noticias\/estaduais\/bahia\/2025\/marco\/prf-participa-do-7o-encontro-de-guardas-municipais-femininas-da-bahia\/whatsapp-image-2025-03-21-at-08-51-00-1.jpeg\/@@images\/9800fdcd-071f-497f-b7b7-046dd4e8c532.jpeg\" alt=\"WhatsApp Image 2025-03-21 at 08.51.00 (1).jpeg\" width=\"768\" height=\"576\" \/><\/div>\n<\/div>\n<div class=\"swiper-description\"><\/div>\n<\/div>\n<div class=\"swiper-slide\">\n<div class=\"swiper-player aspect-16-9\">\n<div class=\"swiper-image-wrapper\"><img decoding=\"async\" loading=\"lazy\" class=\"aligncenter\" src=\"https:\/\/www.gov.br\/prf\/pt-br\/noticias\/estaduais\/bahia\/2025\/marco\/prf-participa-do-7o-encontro-de-guardas-municipais-femininas-da-bahia\/whatsapp-image-2025-03-21-at-08-50-58.jpeg\/@@images\/305135bf-2a80-4ce9-9fcc-86bed145e851.jpeg\" alt=\"WhatsApp Image 2025-03-21 at 08.50.58.jpeg\" width=\"768\" height=\"576\" \/><\/div>\n<\/div>\n<div class=\"swiper-description\"><\/div>\n<\/div>\n<div class=\"swiper-slide\">\n<div class=\"swiper-player aspect-16-9\">\n<div class=\"swiper-image-wrapper\"><img decoding=\"async\" loading=\"lazy\" class=\"aligncenter\" src=\"https:\/\/www.gov.br\/prf\/pt-br\/noticias\/estaduais\/bahia\/2025\/marco\/prf-participa-do-7o-encontro-de-guardas-municipais-femininas-da-bahia\/whatsapp-image-2025-03-21-at-08-50-59.jpeg\/@@images\/4a1ee00a-2cd8-4329-a4a6-85eef5c88cac.jpeg\" alt=\"WhatsApp Image 2025-03-21 at 08.50.59.jpeg\" width=\"576\" height=\"768\" \/><\/div>\n<\/div>\n<div class=\"swiper-description\"><\/div>\n<\/div>\n<div class=\"swiper-slide\">\n<div class=\"swiper-player aspect-16-9\">\n<div class=\"swiper-image-wrapper\"><img decoding=\"async\" loading=\"lazy\" class=\"aligncenter\" src=\"https:\/\/www.gov.br\/prf\/pt-br\/noticias\/estaduais\/bahia\/2025\/marco\/prf-participa-do-7o-encontro-de-guardas-municipais-femininas-da-bahia\/whatsapp-image-2025-03-21-at-08-51-01.jpeg\/@@images\/588b7b7c-d5e0-4c29-9ebe-1a1fd2cbd5d1.jpeg\" alt=\"WhatsApp Image 2025-03-21 at 08.51.01.jpeg\" width=\"768\" height=\"345\" \/><\/div>\n<\/div>\n<div class=\"swiper-description\"><\/div>\n<\/div>\n<div class=\"swiper-slide\">\n<div class=\"swiper-player aspect-16-9\">\n<div class=\"swiper-image-wrapper\"><img decoding=\"async\" loading=\"lazy\" class=\"aligncenter\" src=\"https:\/\/www.gov.br\/prf\/pt-br\/noticias\/estaduais\/bahia\/2025\/marco\/prf-participa-do-7o-encontro-de-guardas-municipais-femininas-da-bahia\/whatsapp-image-2025-03-21-at-08-51-00-2.jpeg\/@@images\/1b7fa76f-852c-4b24-b757-e5b718ac1268.jpeg\" alt=\"WhatsApp Image 2025-03-21 at 08.51.00 (2).jpeg\" width=\"768\" height=\"345\" \/><\/div>\n<\/div>\n<div class=\"swiper-description\"><\/div>\n<\/div>\n<div class=\"swiper-slide\">\n<div class=\"swiper-player aspect-16-9\">\n<div class=\"swiper-image-wrapper\"><img decoding=\"async\" loading=\"lazy\" class=\"aligncenter\" src=\"https:\/\/www.gov.br\/prf\/pt-br\/noticias\/estaduais\/bahia\/2025\/marco\/prf-participa-do-7o-encontro-de-guardas-municipais-femininas-da-bahia\/whatsapp-image-2025-03-21-at-14-06-15.jpeg\/@@images\/a8144416-d21f-4cf1-8b82-2748ae382c98.jpeg\" alt=\"WhatsApp Image 2025-03-21 at 14.06.15.jpeg\" width=\"576\" height=\"768\" \/><\/div>\n<\/div>\n<div class=\"swiper-description\"><\/div>\n<\/div>\n<div class=\"swiper-slide\">\n<div class=\"swiper-player aspect-16-9\">\n<div class=\"swiper-image-wrapper\"><img decoding=\"async\" loading=\"lazy\" class=\"aligncenter\" src=\"https:\/\/www.gov.br\/prf\/pt-br\/noticias\/estaduais\/bahia\/2025\/marco\/prf-participa-do-7o-encontro-de-guardas-municipais-femininas-da-bahia\/whatsapp-image-2025-03-21-at-14-06-14-2.jpeg\/@@images\/99c0cb95-e54a-40d2-a0c7-04d28f1ea2d9.jpeg\" alt=\"WhatsApp Image 2025-03-21 at 14.06.14 (2).jpeg\" width=\"576\" height=\"768\" \/><\/div>\n<\/div>\n<div class=\"swiper-description\"><\/div>\n<\/div>\n<div class=\"swiper-slide\">\n<div class=\"swiper-player aspect-16-9\">\n<div class=\"swiper-image-wrapper\"><img decoding=\"async\" loading=\"lazy\" class=\"aligncenter\" src=\"https:\/\/www.gov.br\/prf\/pt-br\/noticias\/estaduais\/bahia\/2025\/marco\/prf-participa-do-7o-encontro-de-guardas-municipais-femininas-da-bahia\/whatsapp-image-2025-03-21-at-14-06-14-1.jpeg\/@@images\/7f1c4b64-d60d-45ef-8258-455d98cdd723.jpeg\" alt=\"WhatsApp Image 2025-03-21 at 14.06.14 (1).jpeg\" width=\"768\" height=\"576\" \/><\/div>\n<\/div>\n<div class=\"swiper-description\"><\/div>\n<\/div>\n<div class=\"swiper-slide\">\n<div class=\"swiper-player aspect-16-9\">\n<div class=\"swiper-image-wrapper\"><img decoding=\"async\" loading=\"lazy\" class=\"aligncenter\" src=\"https:\/\/www.gov.br\/prf\/pt-br\/noticias\/estaduais\/bahia\/2025\/marco\/prf-participa-do-7o-encontro-de-guardas-municipais-femininas-da-bahia\/whatsapp-image-2025-03-21-at-14-06-14.jpeg\/@@images\/a554dce9-339f-4fd0-a171-473444b29807.jpeg\" alt=\"WhatsApp Image 2025-03-21 at 14.06.14.jpeg\" width=\"768\" height=\"576\" \/><\/div>\n<\/div>\n<div class=\"swiper-description\"><\/div>\n<\/div>\n<div class=\"swiper-slide\">\n<div class=\"swiper-player aspect-16-9\">\n<div class=\"swiper-image-wrapper\"><img decoding=\"async\" loading=\"lazy\" class=\"aligncenter\" src=\"https:\/\/www.gov.br\/prf\/pt-br\/noticias\/estaduais\/bahia\/2025\/marco\/prf-participa-do-7o-encontro-de-guardas-municipais-femininas-da-bahia\/whatsapp-image-2025-03-21-at-14-06-13-3.jpeg\/@@images\/9dd664fa-c694-4410-8342-77f51d5ca62d.jpeg\" alt=\"WhatsApp Image 2025-03-21 at 14.06.13 (3).jpeg\" width=\"768\" height=\"576\" \/><\/div>\n<\/div>\n<div class=\"swiper-description\"><\/div>\n<\/div>\n<div class=\"swiper-slide\">\n<div class=\"swiper-player aspect-16-9\">\n<div class=\"swiper-image-wrapper\"><img decoding=\"async\" loading=\"lazy\" class=\"aligncenter\" src=\"https:\/\/www.gov.br\/prf\/pt-br\/noticias\/estaduais\/bahia\/2025\/marco\/prf-participa-do-7o-encontro-de-guardas-municipais-femininas-da-bahia\/whatsapp-image-2025-03-21-at-14-06-13-2.jpeg\/@@images\/ec7cb545-1e6a-4718-8a6c-ef2c38bfd090.jpeg\" alt=\"WhatsApp Image 2025-03-21 at 14.06.13 (2).jpeg\" width=\"576\" height=\"768\" \/><\/div>\n<\/div>\n<div class=\"swiper-description\"><\/div>\n<\/div>\n<div class=\"swiper-slide\">\n<div class=\"swiper-player aspect-16-9\">\n<div class=\"swiper-image-wrapper\"><img decoding=\"async\" loading=\"lazy\" class=\"aligncenter\" src=\"https:\/\/www.gov.br\/prf\/pt-br\/noticias\/estaduais\/bahia\/2025\/marco\/prf-participa-do-7o-encontro-de-guardas-municipais-femininas-da-bahia\/whatsapp-image-2025-03-21-at-14-06-13-1.jpeg\/@@images\/4e909d9e-20b0-4b1e-8343-4ffd2fa805aa.jpeg\" alt=\"WhatsApp Image 2025-03-21 at 14.06.13 (1).jpeg\" width=\"768\" height=\"576\" \/><\/div>\n<\/div>\n<div class=\"swiper-description\"><\/div>\n<\/div>\n<div class=\"swiper-slide\">\n<div class=\"swiper-player aspect-16-9\">\n<div class=\"swiper-image-wrapper\"><img decoding=\"async\" loading=\"lazy\" class=\"aligncenter\" src=\"https:\/\/www.gov.br\/prf\/pt-br\/noticias\/estaduais\/bahia\/2025\/marco\/prf-participa-do-7o-encontro-de-guardas-municipais-femininas-da-bahia\/whatsapp-image-2025-03-21-at-14-06-13.jpeg\/@@images\/7f74d02f-990e-4991-bd80-4409e1555319.jpeg\" alt=\"WhatsApp Image 2025-03-21 at 14.06.13.jpeg\" width=\"768\" height=\"576\" \/><\/div>\n<\/div>\n<div class=\"swiper-description\"><\/div>\n<\/div>\n<div class=\"swiper-slide\">\n<div class=\"swiper-player aspect-16-9\">\n<div class=\"swiper-image-wrapper\"><img decoding=\"async\" loading=\"lazy\" class=\"aligncenter\" src=\"https:\/\/www.gov.br\/prf\/pt-br\/noticias\/estaduais\/bahia\/2025\/marco\/prf-participa-do-7o-encontro-de-guardas-municipais-femininas-da-bahia\/whatsapp-image-2025-03-21-at-14-06-12-3.jpeg\/@@images\/a5d5cb66-5103-4ee1-af63-d4e7fb0e8489.jpeg\" alt=\"WhatsApp Image 2025-03-21 at 14.06.12 (3).jpeg\" width=\"768\" height=\"576\" \/><\/div>\n<\/div>\n<div class=\"swiper-description\"><\/div>\n<\/div>\n<div class=\"swiper-slide\">\n<div class=\"swiper-player aspect-16-9\">\n<div class=\"swiper-image-wrapper\"><img decoding=\"async\" loading=\"lazy\" class=\"aligncenter\" src=\"https:\/\/www.gov.br\/prf\/pt-br\/noticias\/estaduais\/bahia\/2025\/marco\/prf-participa-do-7o-encontro-de-guardas-municipais-femininas-da-bahia\/whatsapp-image-2025-03-21-at-14-06-12-2.jpeg\/@@images\/686b5d6d-4da3-4b47-ade1-c31ed8940989.jpeg\" alt=\"WhatsApp Image 2025-03-21 at 14.06.12 (2).jpeg\" width=\"768\" height=\"576\" \/><\/div>\n<\/div>\n<div class=\"swiper-description\"><\/div>\n<\/div>\n<div class=\"swiper-slide\">\n<div class=\"swiper-player aspect-16-9\">\n<div class=\"swiper-image-wrapper\"><img decoding=\"async\" loading=\"lazy\" class=\"aligncenter\" src=\"https:\/\/www.gov.br\/prf\/pt-br\/noticias\/estaduais\/bahia\/2025\/marco\/prf-participa-do-7o-encontro-de-guardas-municipais-femininas-da-bahia\/whatsapp-image-2025-03-21-at-14-06-12.jpeg\/@@images\/5bf426a9-89b3-4bbc-b523-5a1bd9f08395.jpeg\" alt=\"WhatsApp Image 2025-03-21 at 14.06.12.jpeg\" width=\"768\" height=\"576\" \/><\/div>\n<\/div>\n<div class=\"swiper-description\"><\/div>\n<\/div>\n<div class=\"swiper-slide\">\n<div class=\"swiper-player aspect-16-9\">\n<div class=\"swiper-image-wrapper\"><\/div>\n<\/div>\n<div class=\"swiper-description\"><\/div>\n<\/div>\n<div class=\"swiper-slide\">\n<div class=\"swiper-player aspect-16-9\">\n<div class=\"swiper-image-wrapper\"><img decoding=\"async\" loading=\"lazy\" class=\"aligncenter\" src=\"https:\/\/www.gov.br\/prf\/pt-br\/noticias\/estaduais\/bahia\/2025\/marco\/prf-participa-do-7o-encontro-de-guardas-municipais-femininas-da-bahia\/whatsapp-image-2025-03-21-at-14-06-11.jpeg\/@@images\/418ea296-a373-4a37-b368-3203d8ba5bc1.jpeg\" alt=\"WhatsApp Image 2025-03-21 at 14.06.11.jpeg\" width=\"768\" height=\"576\" \/><\/div>\n<\/div>\n<\/div>\n<\/div>\n<\/div>\n<\/div>\n","protected":false},"excerpt":{"rendered":"<p>Evento fortalece a atua\u00e7\u00e3o das mulheres na seguran\u00e7a p\u00fablica e promove troca de experi\u00eancias A Pol\u00edcia Rodovi\u00e1ria Federal (PRF) marcou presen\u00e7a, na noite ontem (20), na abertura do 7\u00ba Encontro de Guardas Municipais Femininas da Bahia, realizado na cidade de Jeremoabo (BA). O evento, sediado na Escola Estadual Raso da Catarina e no Teatro Maria [&hellip;]<\/p>\n","protected":false},"author":1,"featured_media":136238,"comment_status":"closed","ping_status":"closed","sticky":false,"template":"","format":"standard","meta":[],"categories":[3],"tags":[],"_links":{"self":[{"href":"https:\/\/blitzconquista.com.br\/index.php?rest_route=\/wp\/v2\/posts\/136236"}],"collection":[{"href":"https:\/\/blitzconquista.com.br\/index.php?rest_route=\/wp\/v2\/posts"}],"about":[{"href":"https:\/\/blitzconquista.com.br\/index.php?rest_route=\/wp\/v2\/types\/post"}],"author":[{"embeddable":true,"href":"https:\/\/blitzconquista.com.br\/index.php?rest_route=\/wp\/v2\/users\/1"}],"replies":[{"embeddable":true,"href":"https:\/\/blitzconquista.com.br\/index.php?rest_route=%2Fwp%2Fv2%2Fcomments&post=136236"}],"version-history":[{"count":1,"href":"https:\/\/blitzconquista.com.br\/index.php?rest_route=\/wp\/v2\/posts\/136236\/revisions"}],"predecessor-version":[{"id":136239,"href":"https:\/\/blitzconquista.com.br\/index.php?rest_route=\/wp\/v2\/posts\/136236\/revisions\/136239"}],"wp:featuredmedia":[{"embeddable":true,"href":"https:\/\/blitzconquista.com.br\/index.php?rest_route=\/wp\/v2\/media\/136238"}],"wp:attachment":[{"href":"https:\/\/blitzconquista.com.br\/index.php?rest_route=%2Fwp%2Fv2%2Fmedia&parent=136236"}],"wp:term":[{"taxonomy":"category","embeddable":true,"href":"https:\/\/blitzconquista.com.br\/index.php?rest_route=%2Fwp%2Fv2%2Fcategories&post=136236"},{"taxonomy":"post_tag","embeddable":true,"href":"https:\/\/blitzconquista.com.br\/index.php?rest_route=%2Fwp%2Fv2%2Ftags&post=136236"}],"curies":[{"name":"wp","href":"https:\/\/api.w.org\/{rel}","templated":true}]}}