{"id":136411,"date":"2025-04-02T15:17:02","date_gmt":"2025-04-02T18:17:02","guid":{"rendered":"http:\/\/blitzconquista.com.br\/?p=136411"},"modified":"2025-04-02T15:17:02","modified_gmt":"2025-04-02T18:17:02","slug":"prefeitura-finaliza-cadastro-de-propostas-para-captacao-de-recursos-do-programa-de-aceleracao-do-crescimento-2025","status":"publish","type":"post","link":"https:\/\/blitzconquista.com.br\/?p=136411","title":{"rendered":"Prefeitura finaliza cadastro de propostas para capta\u00e7\u00e3o de recursos do Programa de Acelera\u00e7\u00e3o do Crescimento 2025"},"content":{"rendered":"<div class=\"post-content\">\n<p><img decoding=\"async\" loading=\"lazy\" class=\"size-large wp-image-383166 aligncenter colorbox-388922\" src=\"https:\/\/www.pmvc.ba.gov.br\/wp-content\/uploads\/Propostas_Novo_PAC_26_02_2025e840e682-f2c2-48ef-a38b-b237fa6a57d7-1-908x680.jpg\" sizes=\"(max-width: 908px) 100vw, 908px\" srcset=\"https:\/\/www.pmvc.ba.gov.br\/wp-content\/uploads\/Propostas_Novo_PAC_26_02_2025e840e682-f2c2-48ef-a38b-b237fa6a57d7-1-908x680.jpg 908w, https:\/\/www.pmvc.ba.gov.br\/wp-content\/uploads\/Propostas_Novo_PAC_26_02_2025e840e682-f2c2-48ef-a38b-b237fa6a57d7-1-421x315.jpg 421w, https:\/\/www.pmvc.ba.gov.br\/wp-content\/uploads\/Propostas_Novo_PAC_26_02_2025e840e682-f2c2-48ef-a38b-b237fa6a57d7-1-768x575.jpg 768w, https:\/\/www.pmvc.ba.gov.br\/wp-content\/uploads\/Propostas_Novo_PAC_26_02_2025e840e682-f2c2-48ef-a38b-b237fa6a57d7-1.jpg 1068w\" alt=\"\" width=\"908\" height=\"680\" \/><\/p>\n<p>Nesta segunda-feira (31), a Prefeitura de Vit\u00f3ria da Conquista finalizou o cadastro das propostas para capta\u00e7\u00e3o de recursos por meio do Programa de Acelera\u00e7\u00e3o do Crescimento 2025 (Novo PAC Sele\u00e7\u00f5es). As discuss\u00f5es se iniciaram no ano passado e contemplam demandas das \u00e1reas de Infraestrutura, Educa\u00e7\u00e3o, Sa\u00fade, Esporte e Lazer, e contou com atua\u00e7\u00e3o das secretarias municipais de Transpar\u00eancia, Controle e Preven\u00e7\u00e3o \u00e0 Corrup\u00e7\u00e3o, Infraestrutura Urbana, Educa\u00e7\u00e3o, Sa\u00fade, Desenvolvimento Social, Cultura, Turismo, Esporte e Lazer, Meio Ambiente, Mobilidade Urbana e Gest\u00e3o e Inova\u00e7\u00e3o.<\/p>\n<p>Segundo o secret\u00e1rio de Transpar\u00eancia, Controle e Preven\u00e7\u00e3o \u00e0 Corrup\u00e7\u00e3o, Mateus Novais, est\u00e3o sendo encaminhadas propostas para todas as modalidades que o Munic\u00edpio se enquadra. \u201cHoje finalizamos o cadastro das 10 primeiras propostas da edi\u00e7\u00e3o 2025 do Novo PAC. Temos a expectativa de alcan\u00e7ar um montante de investimento ainda maior, principalmente pela qualidade dos projetos constru\u00eddos pelos t\u00e9cnicos do Munic\u00edpio. Por ordem da prefeita, estamos constantemente dialogando com os t\u00e9cnicos, com o objetivo de atender demandas hist\u00f3ricas da nossa popula\u00e7\u00e3o. \u00c9 um trabalho conjunto que envolve diretamente oito secretarias, observando as urg\u00eancias e necessidades de obras e equipamentos em diferentes pontos do munic\u00edpio\u201d, destacou o secret\u00e1rio.<\/p>\n<p>As propostas enviadas contemplam obras de macrodrenagem de \u00e1guas pluviais para resolver problema de alagamentos na cidade, constru\u00e7\u00e3o de creche, unidade de sa\u00fade, Centro de Aten\u00e7\u00e3o Psicossocial (Caps), aquisi\u00e7\u00e3o de \u00f4nibus escolar, combos de equipamentos para unidades b\u00e1sicas de sa\u00fade, kits de equipamentos de teleconsulta, unidade odontol\u00f3gica m\u00f3vel, renova\u00e7\u00e3o de frota do Samu 192 e implanta\u00e7\u00e3o de espa\u00e7o esportivo. \u201cTirando a modalidade \u2018Minha Casa, Minha Vida\u2019 que ainda n\u00e3o abriu edital, enviamos propostas para todas que havia possibilidade do Munic\u00edpio cadastrar\u201d, completou o secret\u00e1rio Mateus Novais.<\/p>\n<p>Em 2024, propostas do Munic\u00edpio junto ao PAC foram aprovadas e j\u00e1 est\u00e3o em fase de licita\u00e7\u00e3o a constru\u00e7\u00e3o do Centro de Aten\u00e7\u00e3o Psicossocial, no Patag\u00f4nia; creche, no Campinhos; Equipamento Esportivo Comunit\u00e1rio, no Cidade Maravilhosa; Unidades B\u00e1sicas de Sa\u00fade, no Jardim Val\u00e9ria e Campinhos; regulariza\u00e7\u00e3o fundi\u00e1ria no Bruno Bacelar, Conjunto da Vit\u00f3ria e Vila CAP\/Vila Uni\u00e3o; um ve\u00edculo do transporte escolar; e uma unidade odontol\u00f3gica m\u00f3vel. Em fase de projeto, est\u00e3o o canal de drenagem pluvial do Panorama\/Recreio e do Bateias.<\/p>\n<\/div>\n<p>&nbsp;<\/p>\n<p>Fonte: PMVC<\/p>\n","protected":false},"excerpt":{"rendered":"<p>Nesta segunda-feira (31), a Prefeitura de Vit\u00f3ria da Conquista finalizou o cadastro das propostas para capta\u00e7\u00e3o de recursos por meio do Programa de Acelera\u00e7\u00e3o do Crescimento 2025 (Novo PAC Sele\u00e7\u00f5es). As discuss\u00f5es se iniciaram no ano passado e contemplam demandas das \u00e1reas de Infraestrutura, Educa\u00e7\u00e3o, Sa\u00fade, Esporte e Lazer, e contou com atua\u00e7\u00e3o das secretarias [&hellip;]<\/p>\n","protected":false},"author":1,"featured_media":136413,"comment_status":"closed","ping_status":"closed","sticky":false,"template":"","format":"standard","meta":[],"categories":[5],"tags":[],"_links":{"self":[{"href":"https:\/\/blitzconquista.com.br\/index.php?rest_route=\/wp\/v2\/posts\/136411"}],"collection":[{"href":"https:\/\/blitzconquista.com.br\/index.php?rest_route=\/wp\/v2\/posts"}],"about":[{"href":"https:\/\/blitzconquista.com.br\/index.php?rest_route=\/wp\/v2\/types\/post"}],"author":[{"embeddable":true,"href":"https:\/\/blitzconquista.com.br\/index.php?rest_route=\/wp\/v2\/users\/1"}],"replies":[{"embeddable":true,"href":"https:\/\/blitzconquista.com.br\/index.php?rest_route=%2Fwp%2Fv2%2Fcomments&post=136411"}],"version-history":[{"count":1,"href":"https:\/\/blitzconquista.com.br\/index.php?rest_route=\/wp\/v2\/posts\/136411\/revisions"}],"predecessor-version":[{"id":136414,"href":"https:\/\/blitzconquista.com.br\/index.php?rest_route=\/wp\/v2\/posts\/136411\/revisions\/136414"}],"wp:featuredmedia":[{"embeddable":true,"href":"https:\/\/blitzconquista.com.br\/index.php?rest_route=\/wp\/v2\/media\/136413"}],"wp:attachment":[{"href":"https:\/\/blitzconquista.com.br\/index.php?rest_route=%2Fwp%2Fv2%2Fmedia&parent=136411"}],"wp:term":[{"taxonomy":"category","embeddable":true,"href":"https:\/\/blitzconquista.com.br\/index.php?rest_route=%2Fwp%2Fv2%2Fcategories&post=136411"},{"taxonomy":"post_tag","embeddable":true,"href":"https:\/\/blitzconquista.com.br\/index.php?rest_route=%2Fwp%2Fv2%2Ftags&post=136411"}],"curies":[{"name":"wp","href":"https:\/\/api.w.org\/{rel}","templated":true}]}}