{"id":136443,"date":"2025-04-08T00:42:17","date_gmt":"2025-04-08T03:42:17","guid":{"rendered":"http:\/\/blitzconquista.com.br\/?p=136443"},"modified":"2025-04-08T00:42:17","modified_gmt":"2025-04-08T03:42:17","slug":"incra-bahia-emite-nota-sobre-acusacoes-feitas-por-vereador-de-vitoria-da-conquista","status":"publish","type":"post","link":"https:\/\/blitzconquista.com.br\/?p=136443","title":{"rendered":"Incra Bahia emite nota sobre acusa\u00e7\u00f5es feitas por vereador de Vit\u00f3ria da Conquista"},"content":{"rendered":"<div class=\"nH\">\n<div class=\"V8djrc byY\">\n<div data-num-unread-messages=\"1\" data-num-visible-messages=\"1\">\n<figure id=\"attachment_136446\" aria-describedby=\"caption-attachment-136446\" style=\"width: 300px\" class=\"wp-caption aligncenter\"><img decoding=\"async\" loading=\"lazy\" class=\"wp-image-136446 size-medium\" src=\"http:\/\/blitzconquista.com.br\/wp-content\/uploads\/2025\/04\/36003_noticia-300x201.jpg\" alt=\"\" width=\"300\" height=\"201\" srcset=\"https:\/\/blitzconquista.com.br\/wp-content\/uploads\/2025\/04\/36003_noticia-300x200.jpg 300w, https:\/\/blitzconquista.com.br\/wp-content\/uploads\/2025\/04\/36003_noticia-695x465.jpg 695w, https:\/\/blitzconquista.com.br\/wp-content\/uploads\/2025\/04\/36003_noticia-768x514.jpg 768w, https:\/\/blitzconquista.com.br\/wp-content\/uploads\/2025\/04\/36003_noticia-414x276.jpg 414w, https:\/\/blitzconquista.com.br\/wp-content\/uploads\/2025\/04\/36003_noticia-470x313.jpg 470w, https:\/\/blitzconquista.com.br\/wp-content\/uploads\/2025\/04\/36003_noticia-640x426.jpg 640w, https:\/\/blitzconquista.com.br\/wp-content\/uploads\/2025\/04\/36003_noticia-130x86.jpg 130w, https:\/\/blitzconquista.com.br\/wp-content\/uploads\/2025\/04\/36003_noticia-187x124.jpg 187w, https:\/\/blitzconquista.com.br\/wp-content\/uploads\/2025\/04\/36003_noticia.jpg 800w\" sizes=\"(max-width: 300px) 100vw, 300px\" \/><figcaption id=\"caption-attachment-136446\" class=\"wp-caption-text\">Imagem: CMVC<\/figcaption><\/figure>\n<p>O Vereador Luciano Gomes (PcdoB) fez uma den\u00fancia da tribuna da C\u00e2mara de Vereadores de Vit\u00f3ria da Conquista, na quarta-feira (2), envolvendo um programa do Governo Federal e assentamentos do Chapad\u00e3o. \u201cQuero fazer uma den\u00fancia, dizer que vamos tomar provid\u00eancias e que n\u00e3o vai ficar do jeito que est\u00e1. O governo federal disponibilizou um cart\u00e3o com 16 mil reais para os produtores dos assentamentos. Por\u00e9m, alguns dirigentes do INCRA e outros envolvidos est\u00e3o perseguindo os trabalhadores. S\u00f3 quem votou na candidata do INSS recebeu o dinheiro, quem votou em outros candidatos n\u00e3o recebeu&#8221;, disse o vereador.<\/p>\n<p>Em seguida, foi incisivo: &#8220;Esses usurpadores do dinheiro p\u00fablico t\u00eam que entender que esse dinheiro n\u00e3o \u00e9 deles. Eles v\u00e3o ter que responder por esses desvios. &#8220;Eu n\u00e3o vou permitir, a comunidade n\u00e3o vai permitir. E esses malandros v\u00e3o ter que liberar o dinheiro, ou ent\u00e3o v\u00e3o prestar contas na justi\u00e7a&#8221;, desafiou.<\/p>\n<\/div>\n<\/div>\n<\/div>\n<div class=\"nH\">\n<div class=\"aHU hx\">\n<div role=\"list\">\n<div class=\"h7 ie\" tabindex=\"-1\" role=\"listitem\" aria-expanded=\"true\">\n<div class=\"Bk\">\n<div class=\"G3 G2\">\n<div>\n<div id=\":o5\">\n<div class=\"adn ads\" data-message-id=\"#msg-f:1828410713162315163\" data-legacy-message-id=\"195fd1db358ef59b\">\n<div class=\"gs\">\n<div class=\"\">\n<div id=\":o9\" class=\"ii gt\">\n<div id=\":o8\" class=\"a3s aiL msg6842719335580274524\">\n<div dir=\"ltr\">\n<p>Em rep\u00fadio \u00e0 fala do vereador, o Incra Bahia emitiu uma nota recha\u00e7ando as acusa\u00e7\u00f5es.<\/p>\n<h2><\/h2>\n<h2>Leia a nota:<\/h2>\n<\/div>\n<\/div>\n<\/div>\n<\/div>\n<\/div>\n<\/div>\n<\/div>\n<\/div>\n<\/div>\n<h3><\/h3>\n<div class=\"G3 G2\">\n<div>\n<div id=\":o5\">\n<div class=\"adn ads\" data-message-id=\"#msg-f:1828410713162315163\" data-legacy-message-id=\"195fd1db358ef59b\">\n<div class=\"gs\">\n<div class=\"\">\n<div id=\":o9\" class=\"ii gt\">\n<div id=\":o8\" class=\"a3s aiL msg6842719335580274524\">\n<div dir=\"ltr\">\n<h3 style=\"text-align: center;\"><b>Incra Bahia repudia acusa\u00e7\u00f5es<\/b> infundadas<b> na C\u00e2mara de Vereadores de Vit\u00f3ria da<\/b> Conquista<b> sobre a libera\u00e7\u00e3o de recursos do Cr\u00e9dito Instala\u00e7\u00e3o<\/b><\/h3>\n<div>O Incra Bahia repudia veementemente as acusa\u00e7\u00f5es infundadas de interfer\u00eancia pol\u00edtica nos crit\u00e9rios para a libera\u00e7\u00e3o da modalidade Semi\u00e1rido do Cr\u00e9dito Instala\u00e7\u00e3o, conforme alegado recentemente na C\u00e2mara de Vereadores de Vit\u00f3ria da Conquista.<\/div>\n<div><\/div>\n<div>Tais declara\u00e7\u00f5es deturpam os fatos e comprometem injustamente a imagem da institui\u00e7\u00e3o, motivo pelo qual o Incra adotar\u00e1 as provid\u00eancias cab\u00edveis.<\/div>\n<div><\/div>\n<div>Esclarecemos que o\u00a0<u><a id=\"m_6842719335580274524OWAabb203bd-7025-30e5-eee7-113101de2341\" href=\"https:\/\/www.planalto.gov.br\/ccivil_03\/_ato2023-2026\/2023\/decreto\/d11586.htm\" target=\"_blank\" rel=\"noopener\" data-saferedirecturl=\"https:\/\/www.google.com\/url?q=https:\/\/www.planalto.gov.br\/ccivil_03\/_ato2023-2026\/2023\/decreto\/d11586.htm&amp;source=gmail&amp;ust=1744167454758000&amp;usg=AOvVaw0lOOR10cefhe-ZLXUrdSX5\">Decreto n\u00ba 11.586\/2023<\/a><\/u>\u00a0estabelece como requisito a apresenta\u00e7\u00e3o de um projeto b\u00e1sico \u2014 individual ou coletivo \u2014 detalhando a aplica\u00e7\u00e3o dos recursos. Somente ap\u00f3s a aprova\u00e7\u00e3o desse projeto, o contrato \u00e9 encaminhado para a fila de pagamento.<\/div>\n<div><\/div>\n<div>No caso espec\u00edfico dos assentamentos localizados no Chapad\u00e3o, em Vit\u00f3ria da Conquista, todas as fam\u00edlias contempladas com a libera\u00e7\u00e3o do cr\u00e9dito apresentaram e tiveram seus projetos b\u00e1sicos devidamente aprovados.<\/div>\n<div>Quanto aos benefici\u00e1rios que j\u00e1 contrataram a modalidade Semi\u00e1rido, mas ainda n\u00e3o receberam os valores fixados em R$ 16 mil por fam\u00edlia, \u00e9 preciso que apresentem o respectivo projeto b\u00e1sico para que o Incra possa dar continuidade aos tr\u00e2mites necess\u00e1rios \u00e0 libera\u00e7\u00e3o do recurso.<\/div>\n<div><\/div>\n<div><\/div>\n<div id=\"m_6842719335580274524x_Signature\">\n<div><\/div>\n<div><b>Assessoria de Comunica\u00e7\u00e3o Social do Incra\/BA<\/b><\/div>\n<\/div>\n<\/div>\n<\/div>\n<\/div>\n<\/div>\n<\/div>\n<\/div>\n<\/div>\n<\/div>\n<\/div>\n<\/div>\n<\/div>\n<\/div>\n<\/div>\n<\/div>\n","protected":false},"excerpt":{"rendered":"<p>O Vereador Luciano Gomes (PcdoB) fez uma den\u00fancia da tribuna da C\u00e2mara de Vereadores de Vit\u00f3ria da Conquista, na quarta-feira (2), envolvendo um programa do Governo Federal e assentamentos do Chapad\u00e3o. \u201cQuero fazer uma den\u00fancia, dizer que vamos tomar provid\u00eancias e que n\u00e3o vai ficar do jeito que est\u00e1. O governo federal disponibilizou um cart\u00e3o [&hellip;]<\/p>\n","protected":false},"author":1,"featured_media":136446,"comment_status":"closed","ping_status":"closed","sticky":false,"template":"","format":"standard","meta":[],"categories":[1,212,5],"tags":[],"_links":{"self":[{"href":"https:\/\/blitzconquista.com.br\/index.php?rest_route=\/wp\/v2\/posts\/136443"}],"collection":[{"href":"https:\/\/blitzconquista.com.br\/index.php?rest_route=\/wp\/v2\/posts"}],"about":[{"href":"https:\/\/blitzconquista.com.br\/index.php?rest_route=\/wp\/v2\/types\/post"}],"author":[{"embeddable":true,"href":"https:\/\/blitzconquista.com.br\/index.php?rest_route=\/wp\/v2\/users\/1"}],"replies":[{"embeddable":true,"href":"https:\/\/blitzconquista.com.br\/index.php?rest_route=%2Fwp%2Fv2%2Fcomments&post=136443"}],"version-history":[{"count":2,"href":"https:\/\/blitzconquista.com.br\/index.php?rest_route=\/wp\/v2\/posts\/136443\/revisions"}],"predecessor-version":[{"id":136447,"href":"https:\/\/blitzconquista.com.br\/index.php?rest_route=\/wp\/v2\/posts\/136443\/revisions\/136447"}],"wp:featuredmedia":[{"embeddable":true,"href":"https:\/\/blitzconquista.com.br\/index.php?rest_route=\/wp\/v2\/media\/136446"}],"wp:attachment":[{"href":"https:\/\/blitzconquista.com.br\/index.php?rest_route=%2Fwp%2Fv2%2Fmedia&parent=136443"}],"wp:term":[{"taxonomy":"category","embeddable":true,"href":"https:\/\/blitzconquista.com.br\/index.php?rest_route=%2Fwp%2Fv2%2Fcategories&post=136443"},{"taxonomy":"post_tag","embeddable":true,"href":"https:\/\/blitzconquista.com.br\/index.php?rest_route=%2Fwp%2Fv2%2Ftags&post=136443"}],"curies":[{"name":"wp","href":"https:\/\/api.w.org\/{rel}","templated":true}]}}