{"id":136831,"date":"2025-05-12T09:57:56","date_gmt":"2025-05-12T12:57:56","guid":{"rendered":"https:\/\/blitzconquista.com.br\/?p=136831"},"modified":"2025-05-12T09:57:56","modified_gmt":"2025-05-12T12:57:56","slug":"em-jequie-ba-prf-intercepta-cegonha-com-5-motos-furtadas","status":"publish","type":"post","link":"https:\/\/blitzconquista.com.br\/?p=136831","title":{"rendered":"Em Jequi\u00e9 (BA), PRF intercepta cegonha com 5 motos furtadas"},"content":{"rendered":"<h3 class=\"documentDescription\" style=\"text-align: center;\">Ve\u00edculos haviam sido roubados em S\u00e3o Paulo e estavam a caminho de Pernambuco; a\u00e7\u00e3o da PRF na BR 116 impediu o avan\u00e7o da rota criminosa<\/h3>\n<div id=\"viewlet-above-content-body\">\n<div id=\"media\"><img decoding=\"async\" loading=\"lazy\" class=\"aligncenter\" src=\"https:\/\/www.gov.br\/prf\/pt-br\/noticias\/estaduais\/bahia\/2025\/maio\/em-jequie-ba-prf-intercepta-cegonha-com-5-motos-furtadas\/whatsapp-image-2025-05-08-at-15-32-57.jpeg\/@@images\/0a784863-b18d-46d1-bf39-c55a3c516fe5.jpeg\" alt=\"WhatsApp Image 2025-05-08 at 15.32.57.jpeg\" width=\"768\" height=\"576\" \/><\/div>\n<\/div>\n<div id=\"content-core\">\n<div id=\"parent-fieldname-text\" class=\"\">\n<div>\n<p data-start=\"195\" data-end=\"519\">Uma fiscaliza\u00e7\u00e3o da Pol\u00edcia Rodovi\u00e1ria Federal (PRF) realizada na tarde desta quinta-feira (08), na BR-116, em Jequi\u00e9 (BA), resultou na apreens\u00e3o de cinco motocicletas com registro de furto. A a\u00e7\u00e3o ocorreu por volta das 13h40, no km 677 da rodovia, durante abordagem a um caminh\u00e3o-cegonha que transportava diversos ve\u00edculos.<\/p>\n<p data-start=\"521\" data-end=\"822\">A equipe do Grupo de Patrulhamento T\u00e1tico (GPT) da PRF em Jequi\u00e9, especializada no combate ao crime, realizou uma verifica\u00e7\u00e3o minuciosa nos sinais identificadores dos ve\u00edculos embarcados e constatou adultera\u00e7\u00f5es em cinco motocicletas, todas com ocorr\u00eancias de furto registradas no estado de S\u00e3o Paulo.<\/p>\n<p data-start=\"824\" data-end=\"851\">As motos apreendidas foram:<\/p>\n<ul data-start=\"853\" data-end=\"1225\">\n<li data-start=\"853\" data-end=\"924\">\n<p data-start=\"855\" data-end=\"924\">Honda CG 160 \u2013 furtada em 05\/04\/2025, em S\u00e3o Paulo (SP);<\/p>\n<\/li>\n<li data-start=\"925\" data-end=\"986\">\n<p data-start=\"927\" data-end=\"986\">Honda XL 700V \u2013 furtada em 19\/03\/2025, em S\u00e3o Paulo (SP);<\/p>\n<\/li>\n<li data-start=\"987\" data-end=\"1066\">\n<p data-start=\"989\" data-end=\"1066\">Honda CG 160 Start \u2013 furtada em 31\/03\/2025, em Santo Andr\u00e9 (SP);<\/p>\n<\/li>\n<li data-start=\"1067\" data-end=\"1146\">\n<p data-start=\"1069\" data-end=\"1146\">Honda XRE 300 Sahara \u2013 furtada em 13\/02\/2025, em S\u00e3o Paulo (SP);<\/p>\n<\/li>\n<li data-start=\"1147\" data-end=\"1225\">\n<p data-start=\"1149\" data-end=\"1225\">Honda XRE 300 Sahara \u2013 furtada em 12\/02\/2025, em S\u00e3o Paulo (SP).<\/p>\n<\/li>\n<\/ul>\n<p data-start=\"1227\" data-end=\"1578\">O condutor da cegonha informou \u00e0 equipe que os ve\u00edculos haviam sido embarcados em Igarap\u00e9 (MG) e tinham como destino a cidade de Ibimirim (PE). Diante da constata\u00e7\u00e3o das irregularidades, os ve\u00edculos foram apreendidos e, juntamente com o condutor, encaminhados \u00e0 Delegacia de Repress\u00e3o a Furtos e Roubos de Jequi\u00e9 para os procedimentos legais cab\u00edveis.<\/p>\n<p><strong>Veja o V\u00eddeo:\u00a0<a class=\"external-link\" title=\"\" href=\"https:\/\/drive.google.com\/file\/d\/1nXfratrXTelWBxQp1AfYjagsaGXhezac\/view?usp=sharing\" target=\"_self\" data-tippreview-enabled=\"false\" data-tippreview-image=\"\" data-tippreview-title=\"\" rel=\"noopener\">https:\/\/drive.google.com\/file\/d\/1nXfratrXTelWBxQp1AfYjagsaGXhezac\/view?usp=sharing<\/a><\/strong><\/p>\n<\/div>\n<\/div>\n<\/div>\n","protected":false},"excerpt":{"rendered":"<p>Ve\u00edculos haviam sido roubados em S\u00e3o Paulo e estavam a caminho de Pernambuco; a\u00e7\u00e3o da PRF na BR 116 impediu o avan\u00e7o da rota criminosa Uma fiscaliza\u00e7\u00e3o da Pol\u00edcia Rodovi\u00e1ria Federal (PRF) realizada na tarde desta quinta-feira (08), na BR-116, em Jequi\u00e9 (BA), resultou na apreens\u00e3o de cinco motocicletas com registro de furto. A a\u00e7\u00e3o [&hellip;]<\/p>\n","protected":false},"author":1,"featured_media":136833,"comment_status":"closed","ping_status":"closed","sticky":false,"template":"","format":"standard","meta":[],"categories":[3],"tags":[],"_links":{"self":[{"href":"https:\/\/blitzconquista.com.br\/index.php?rest_route=\/wp\/v2\/posts\/136831"}],"collection":[{"href":"https:\/\/blitzconquista.com.br\/index.php?rest_route=\/wp\/v2\/posts"}],"about":[{"href":"https:\/\/blitzconquista.com.br\/index.php?rest_route=\/wp\/v2\/types\/post"}],"author":[{"embeddable":true,"href":"https:\/\/blitzconquista.com.br\/index.php?rest_route=\/wp\/v2\/users\/1"}],"replies":[{"embeddable":true,"href":"https:\/\/blitzconquista.com.br\/index.php?rest_route=%2Fwp%2Fv2%2Fcomments&post=136831"}],"version-history":[{"count":1,"href":"https:\/\/blitzconquista.com.br\/index.php?rest_route=\/wp\/v2\/posts\/136831\/revisions"}],"predecessor-version":[{"id":136834,"href":"https:\/\/blitzconquista.com.br\/index.php?rest_route=\/wp\/v2\/posts\/136831\/revisions\/136834"}],"wp:featuredmedia":[{"embeddable":true,"href":"https:\/\/blitzconquista.com.br\/index.php?rest_route=\/wp\/v2\/media\/136833"}],"wp:attachment":[{"href":"https:\/\/blitzconquista.com.br\/index.php?rest_route=%2Fwp%2Fv2%2Fmedia&parent=136831"}],"wp:term":[{"taxonomy":"category","embeddable":true,"href":"https:\/\/blitzconquista.com.br\/index.php?rest_route=%2Fwp%2Fv2%2Fcategories&post=136831"},{"taxonomy":"post_tag","embeddable":true,"href":"https:\/\/blitzconquista.com.br\/index.php?rest_route=%2Fwp%2Fv2%2Ftags&post=136831"}],"curies":[{"name":"wp","href":"https:\/\/api.w.org\/{rel}","templated":true}]}}