{"id":136835,"date":"2025-05-12T10:03:19","date_gmt":"2025-05-12T13:03:19","guid":{"rendered":"https:\/\/blitzconquista.com.br\/?p=136835"},"modified":"2025-05-12T10:03:19","modified_gmt":"2025-05-12T13:03:19","slug":"ficco-ba-prende-lider-de-faccao-criminosa-atuante-no-sudoeste-baiano","status":"publish","type":"post","link":"https:\/\/blitzconquista.com.br\/?p=136835","title":{"rendered":"FICCO\/BA prende l\u00edder de fac\u00e7\u00e3o criminosa atuante no sudoeste baiano"},"content":{"rendered":"<h3 class=\"documentDescription\" style=\"text-align: center;\">Ele estava evadido do Conjunto Penal de Jequi\u00e9, desde o ano de 2023, e passou a ser um dos criminosos mais procurados pelas for\u00e7as policiais<\/h3>\n<div id=\"viewlet-above-content-body\">\n<div id=\"media\"><img decoding=\"async\" loading=\"lazy\" class=\"aligncenter\" src=\"https:\/\/www.gov.br\/pf\/pt-br\/assuntos\/noticias\/2025\/05\/ficco-ba-prende-lider-de-faccao-criminosa-atuante-no-sudoeste-baiano\/whatsapp-image-2025-05-09-at-13-28-57.jpeg\/@@images\/597cc6d9-feb1-4373-a1f5-087bf7afdc82.jpeg\" alt=\"WhatsApp Image 2025-05-09 at 13.28.57.jpeg\" width=\"768\" height=\"576\" \/><\/div>\n<\/div>\n<div id=\"content-core\">\n<div id=\"parent-fieldname-text\" class=\"\">\n<div>\n<p><b>Salvador\/BA.<\/b>\u00a0Na manh\u00e3 desta sexta-feira (9\/5), foi deflagrada opera\u00e7\u00e3o pela For\u00e7a Integrada de Combate ao Crime Organizado na Bahia &#8211; FICCO\/BA contra fac\u00e7\u00e3o criminosa que atua na regi\u00e3o sudoeste da Bahia, resultando na apreens\u00e3o de armas e localiza\u00e7\u00e3o de lideran\u00e7a criminosa, em Salvador.<\/p>\n<p>A a\u00e7\u00e3o \u00e9 mais uma fase da opera\u00e7\u00e3o Artemis, na qual a FICCO\/BA concentra esfor\u00e7os para localizar e capturar criminosos violentos integrantes de fac\u00e7\u00f5es criminosas.<\/p>\n<p>Durante a a\u00e7\u00e3o, policiais foram recebidos a tiro e durante o confronto um dos indiv\u00edduos foi atingido e n\u00e3o resistiu. O outro foi preso e levado para a delegacia. O alvo da opera\u00e7\u00e3o \u00e9 chefe de fac\u00e7\u00e3o criminosa atuante na regi\u00e3o de Ibirataia\/BA. Sua atua\u00e7\u00e3o violenta tamb\u00e9m atingia os munic\u00edpios de Gandu\/BA, Nova Ibi\u00e1\/BA, Itamari\/BA, Apuarema\/BA, Ipia\u00fa\/BA e Ubat\u00e3\/BA. O criminoso \u00e9 considerado de alta periculosidade, envolvido diretamente em cinco homic\u00eddios e ordenado diversos outros, todos com procedimentos investigativos em andamento.<\/p>\n<p>No in\u00edcio desse m\u00eas, o criminoso ainda realizou diversos disparos contra viatura da Pol\u00edcia Militar, na cidade de Ibirataia.<\/p>\n<p>Somente este ano, com o aux\u00edlio da FICCO\/BA, j\u00e1 foram localizados e presos 26 faccionados, investigados por crimes de homic\u00eddios e outros crimes violentos no estado.<\/p>\n<p>A FICCO\/BA \u00e9 composta pela Pol\u00edcia Federal, Pol\u00edcia Militar da Bahia,\u00a0Pol\u00edcia Civil da Bahia, Pol\u00edcia Penal da Bahia,\u00a0Pol\u00edcia Rodovi\u00e1ria Federal, Secretaria Nacional de Pol\u00edticas Penais e Secretaria de Seguran\u00e7a P\u00fablica do Estado da Bahia.<\/p>\n<p><b>\u00a0<\/b><\/p>\n<p style=\"text-align: left;\" align=\"right\"><i>Fonte: Comunica\u00e7\u00e3o Social da Pol\u00edcia Federal na Bahia<\/i><\/p>\n<\/div>\n<\/div>\n<\/div>\n","protected":false},"excerpt":{"rendered":"<p>Ele estava evadido do Conjunto Penal de Jequi\u00e9, desde o ano de 2023, e passou a ser um dos criminosos mais procurados pelas for\u00e7as policiais Salvador\/BA.\u00a0Na manh\u00e3 desta sexta-feira (9\/5), foi deflagrada opera\u00e7\u00e3o pela For\u00e7a Integrada de Combate ao Crime Organizado na Bahia &#8211; FICCO\/BA contra fac\u00e7\u00e3o criminosa que atua na regi\u00e3o sudoeste da Bahia, [&hellip;]<\/p>\n","protected":false},"author":1,"featured_media":136837,"comment_status":"closed","ping_status":"closed","sticky":false,"template":"","format":"standard","meta":[],"categories":[212,3],"tags":[],"_links":{"self":[{"href":"https:\/\/blitzconquista.com.br\/index.php?rest_route=\/wp\/v2\/posts\/136835"}],"collection":[{"href":"https:\/\/blitzconquista.com.br\/index.php?rest_route=\/wp\/v2\/posts"}],"about":[{"href":"https:\/\/blitzconquista.com.br\/index.php?rest_route=\/wp\/v2\/types\/post"}],"author":[{"embeddable":true,"href":"https:\/\/blitzconquista.com.br\/index.php?rest_route=\/wp\/v2\/users\/1"}],"replies":[{"embeddable":true,"href":"https:\/\/blitzconquista.com.br\/index.php?rest_route=%2Fwp%2Fv2%2Fcomments&post=136835"}],"version-history":[{"count":1,"href":"https:\/\/blitzconquista.com.br\/index.php?rest_route=\/wp\/v2\/posts\/136835\/revisions"}],"predecessor-version":[{"id":136838,"href":"https:\/\/blitzconquista.com.br\/index.php?rest_route=\/wp\/v2\/posts\/136835\/revisions\/136838"}],"wp:featuredmedia":[{"embeddable":true,"href":"https:\/\/blitzconquista.com.br\/index.php?rest_route=\/wp\/v2\/media\/136837"}],"wp:attachment":[{"href":"https:\/\/blitzconquista.com.br\/index.php?rest_route=%2Fwp%2Fv2%2Fmedia&parent=136835"}],"wp:term":[{"taxonomy":"category","embeddable":true,"href":"https:\/\/blitzconquista.com.br\/index.php?rest_route=%2Fwp%2Fv2%2Fcategories&post=136835"},{"taxonomy":"post_tag","embeddable":true,"href":"https:\/\/blitzconquista.com.br\/index.php?rest_route=%2Fwp%2Fv2%2Ftags&post=136835"}],"curies":[{"name":"wp","href":"https:\/\/api.w.org\/{rel}","templated":true}]}}