{"id":136855,"date":"2025-05-12T11:36:12","date_gmt":"2025-05-12T14:36:12","guid":{"rendered":"https:\/\/blitzconquista.com.br\/?p=136855"},"modified":"2025-05-12T11:36:12","modified_gmt":"2025-05-12T14:36:12","slug":"maio-amarelo-camara-promove-audiencia-publica-sobre-seguranca-no-transito","status":"publish","type":"post","link":"https:\/\/blitzconquista.com.br\/?p=136855","title":{"rendered":"Maio Amarelo: C\u00e2mara promove audi\u00eancia p\u00fablica sobre seguran\u00e7a no tr\u00e2nsito"},"content":{"rendered":"<p><img decoding=\"async\" loading=\"lazy\" class=\"aligncenter wp-image-136857 size-large\" src=\"http:\/\/blitzconquista.com.br\/wp-content\/uploads\/2025\/05\/Imagem-do-WhatsApp-de-2025-05-12-as-11.19.13_b4fdd571-695x391.jpg\" alt=\"\" width=\"695\" height=\"391\" srcset=\"https:\/\/blitzconquista.com.br\/wp-content\/uploads\/2025\/05\/Imagem-do-WhatsApp-de-2025-05-12-as-11.19.13_b4fdd571-695x391.jpg 695w, https:\/\/blitzconquista.com.br\/wp-content\/uploads\/2025\/05\/Imagem-do-WhatsApp-de-2025-05-12-as-11.19.13_b4fdd571-300x168.jpg 300w, https:\/\/blitzconquista.com.br\/wp-content\/uploads\/2025\/05\/Imagem-do-WhatsApp-de-2025-05-12-as-11.19.13_b4fdd571-768x432.jpg 768w, https:\/\/blitzconquista.com.br\/wp-content\/uploads\/2025\/05\/Imagem-do-WhatsApp-de-2025-05-12-as-11.19.13_b4fdd571-1536x864.jpg 1536w, https:\/\/blitzconquista.com.br\/wp-content\/uploads\/2025\/05\/Imagem-do-WhatsApp-de-2025-05-12-as-11.19.13_b4fdd571-990x557.jpg 990w, https:\/\/blitzconquista.com.br\/wp-content\/uploads\/2025\/05\/Imagem-do-WhatsApp-de-2025-05-12-as-11.19.13_b4fdd571-1320x743.jpg 1320w, https:\/\/blitzconquista.com.br\/wp-content\/uploads\/2025\/05\/Imagem-do-WhatsApp-de-2025-05-12-as-11.19.13_b4fdd571-470x264.jpg 470w, https:\/\/blitzconquista.com.br\/wp-content\/uploads\/2025\/05\/Imagem-do-WhatsApp-de-2025-05-12-as-11.19.13_b4fdd571-640x360.jpg 640w, https:\/\/blitzconquista.com.br\/wp-content\/uploads\/2025\/05\/Imagem-do-WhatsApp-de-2025-05-12-as-11.19.13_b4fdd571-215x120.jpg 215w, https:\/\/blitzconquista.com.br\/wp-content\/uploads\/2025\/05\/Imagem-do-WhatsApp-de-2025-05-12-as-11.19.13_b4fdd571-414x232.jpg 414w, https:\/\/blitzconquista.com.br\/wp-content\/uploads\/2025\/05\/Imagem-do-WhatsApp-de-2025-05-12-as-11.19.13_b4fdd571.jpg 1600w\" sizes=\"(max-width: 695px) 100vw, 695px\" \/><\/p>\n<p>Nesta segunda-feira (12), a C\u00e2mara Municipal de Vit\u00f3ria da Conquista realiza uma audi\u00eancia p\u00fablica para debater o Maio Amarelo, uma campanha internacional de conscientiza\u00e7\u00e3o sobre a seguran\u00e7a no tr\u00e2nsito. A atividade, proposta pelo mandato do vereador Fernando Jacar\u00e9 (PT), busca envolver a comunidade, autoridades e especialistas na reflex\u00e3o sobre a import\u00e2ncia de atitudes respons\u00e1veis nas vias p\u00fablicas.<\/p>\n<p>Criada em 2014, a campanha Maio Amarelo nasceu de uma iniciativa da Organiza\u00e7\u00e3o das Na\u00e7\u00f5es Unidas (ONU) e do Observat\u00f3rio Nacional de Seguran\u00e7a Vi\u00e1ria (ONSV), com o objetivo de chamar aten\u00e7\u00e3o para o alto \u00edndice de acidentes e mortes no tr\u00e2nsito mundial. A cor amarela foi escolhida por simbolizar aten\u00e7\u00e3o e cuidado, refor\u00e7ando a necessidade de aten\u00e7\u00e3o constante ao dirigir, pedalar ou caminhar pelas ruas.<\/p>\n<p>Desde sua cria\u00e7\u00e3o, o Maio Amarelo tem ganhado destaque no Brasil, promovendo a\u00e7\u00f5es educativas, campanhas de conscientiza\u00e7\u00e3o e debates p\u00fablicos. Segundo dados do Minist\u00e9rio da Infraestrutura, o pa\u00eds registra uma m\u00e9dia de 50 mil mortes por acidentes de tr\u00e2nsito por ano, evidenciando a urg\u00eancia de a\u00e7\u00f5es preventivas e educativas.<\/p>\n<p>Segundo Fernando Jacar\u00e9, a realiza\u00e7\u00e3o da audi\u00eancia p\u00fablica em Vit\u00f3ria da Conquista \u00e9 uma oportunidade de fortalecer a conscientiza\u00e7\u00e3o local sobre o tema. \u201cDiscutir o Maio Amarelo \u00e9 fundamental para refor\u00e7ar a responsabilidade de todos no tr\u00e2nsito, seja como condutores, pedestres ou ciclistas. Nosso objetivo \u00e9 promover uma reflex\u00e3o coletiva e buscar solu\u00e7\u00f5es que reduzam os acidentes na nossa cidade\u201d, destacou Jacar\u00e9.<\/p>\n<p>Durante o evento, especialistas em seguran\u00e7a vi\u00e1ria, representantes do Departamento de Tr\u00e2nsito e membros da sociedade civil ir\u00e3o apresentar dados, experi\u00eancias e propostas para melhorar a conviv\u00eancia no tr\u00e2nsito conquistense. Al\u00e9m disso, a audi\u00eancia visa estimular a participa\u00e7\u00e3o da popula\u00e7\u00e3o na elabora\u00e7\u00e3o de pol\u00edticas p\u00fablicas que priorizem a vida.<\/p>\n<p>&nbsp;<\/p>\n<p>Fonte: Ascom &#8211; CMVC<\/p>\n","protected":false},"excerpt":{"rendered":"<p>Nesta segunda-feira (12), a C\u00e2mara Municipal de Vit\u00f3ria da Conquista realiza uma audi\u00eancia p\u00fablica para debater o Maio Amarelo, uma campanha internacional de conscientiza\u00e7\u00e3o sobre a seguran\u00e7a no tr\u00e2nsito. A atividade, proposta pelo mandato do vereador Fernando Jacar\u00e9 (PT), busca envolver a comunidade, autoridades e especialistas na reflex\u00e3o sobre a import\u00e2ncia de atitudes respons\u00e1veis nas [&hellip;]<\/p>\n","protected":false},"author":1,"featured_media":136857,"comment_status":"closed","ping_status":"closed","sticky":false,"template":"","format":"standard","meta":[],"categories":[5],"tags":[],"_links":{"self":[{"href":"https:\/\/blitzconquista.com.br\/index.php?rest_route=\/wp\/v2\/posts\/136855"}],"collection":[{"href":"https:\/\/blitzconquista.com.br\/index.php?rest_route=\/wp\/v2\/posts"}],"about":[{"href":"https:\/\/blitzconquista.com.br\/index.php?rest_route=\/wp\/v2\/types\/post"}],"author":[{"embeddable":true,"href":"https:\/\/blitzconquista.com.br\/index.php?rest_route=\/wp\/v2\/users\/1"}],"replies":[{"embeddable":true,"href":"https:\/\/blitzconquista.com.br\/index.php?rest_route=%2Fwp%2Fv2%2Fcomments&post=136855"}],"version-history":[{"count":1,"href":"https:\/\/blitzconquista.com.br\/index.php?rest_route=\/wp\/v2\/posts\/136855\/revisions"}],"predecessor-version":[{"id":136858,"href":"https:\/\/blitzconquista.com.br\/index.php?rest_route=\/wp\/v2\/posts\/136855\/revisions\/136858"}],"wp:featuredmedia":[{"embeddable":true,"href":"https:\/\/blitzconquista.com.br\/index.php?rest_route=\/wp\/v2\/media\/136857"}],"wp:attachment":[{"href":"https:\/\/blitzconquista.com.br\/index.php?rest_route=%2Fwp%2Fv2%2Fmedia&parent=136855"}],"wp:term":[{"taxonomy":"category","embeddable":true,"href":"https:\/\/blitzconquista.com.br\/index.php?rest_route=%2Fwp%2Fv2%2Fcategories&post=136855"},{"taxonomy":"post_tag","embeddable":true,"href":"https:\/\/blitzconquista.com.br\/index.php?rest_route=%2Fwp%2Fv2%2Ftags&post=136855"}],"curies":[{"name":"wp","href":"https:\/\/api.w.org\/{rel}","templated":true}]}}