{"id":136890,"date":"2025-05-14T12:27:08","date_gmt":"2025-05-14T15:27:08","guid":{"rendered":"https:\/\/blitzconquista.com.br\/?p=136890"},"modified":"2025-05-14T12:27:08","modified_gmt":"2025-05-14T15:27:08","slug":"prf-recupera-carro-com-ocorrencia-de-furto-na-br-116-em-jequie-ba","status":"publish","type":"post","link":"https:\/\/blitzconquista.com.br\/?p=136890","title":{"rendered":"PRF recupera carro com ocorr\u00eancia de furto na BR-116, em Jequi\u00e9 (BA)"},"content":{"rendered":"<h3 class=\"documentDescription\" style=\"text-align: center;\">Ve\u00edculo circulava com sinais identificadores adulterados; ocorr\u00eancia foi encaminhada \u00e0 Pol\u00edcia Civil<\/h3>\n<div id=\"viewlet-above-content-body\">\n<div id=\"media\"><img decoding=\"async\" loading=\"lazy\" class=\"aligncenter\" src=\"https:\/\/www.gov.br\/prf\/pt-br\/noticias\/estaduais\/bahia\/2025\/maio\/prf-recupera-carro-com-ocorrencia-de-furto-na-br-116-em-jequie-ba\/whatsapp-image-2025-05-13-at-13-22-20.jpeg\/@@images\/9b0436ff-76bb-4843-a248-8966acfe14f4.jpeg\" alt=\"WhatsApp Image 2025-05-13 at 13.22.20.jpeg\" width=\"768\" height=\"432\" \/><\/div>\n<\/div>\n<div id=\"content-core\">\n<div id=\"parent-fieldname-text\" class=\"\">\n<div>\n<p data-start=\"180\" data-end=\"469\">Na noite desta segunda-feira (12), a Pol\u00edcia Rodovi\u00e1ria Federal (PRF) recuperou um ve\u00edculo com ocorr\u00eancia de furto\/roubo durante fiscaliza\u00e7\u00e3o no km 677 da BR-116, em Jequi\u00e9, sudoeste baiano. A a\u00e7\u00e3o aconteceu por volta das 19h20, quando a equipe abordou um autom\u00f3vel conduzido por um homem.<\/p>\n<p data-start=\"471\" data-end=\"837\">Durante a verifica\u00e7\u00e3o dos elementos identificadores do ve\u00edculo, foram encontradas inconsist\u00eancias que motivaram uma inspe\u00e7\u00e3o mais detalhada. Ap\u00f3s o procedimento de identifica\u00e7\u00e3o veicular avan\u00e7ada, os policiais constataram que se tratava de um\u00a0<strong data-start=\"714\" data-end=\"736\">Chevrolet Onix LTZ<\/strong>, com registro de furto\/roubo datado de\u00a0<strong data-start=\"776\" data-end=\"801\">6 de dezembro de 2024<\/strong>, no munic\u00edpio de\u00a0<strong data-start=\"819\" data-end=\"836\">Cama\u00e7ari (BA)<\/strong>.<\/p>\n<p data-start=\"839\" data-end=\"1058\">Questionado, o condutor alegou ter adquirido o carro h\u00e1 cerca de seis meses, na cidade de Feira de Santana, pelo valor de R$ 45 mil. No entanto, ele n\u00e3o apresentou documenta\u00e7\u00e3o que comprovasse a origem legal do ve\u00edculo.<\/p>\n<p data-start=\"1060\" data-end=\"1400\">Diante dos fatos, o condutor foi encaminhado \u00e0 Delegacia de Pol\u00edcia Civil de Jequi\u00e9, juntamente com o autom\u00f3vel, para a ado\u00e7\u00e3o das medidas legais cab\u00edveis.<\/p>\n<\/div>\n<\/div>\n<\/div>\n<p data-start=\"1060\" data-end=\"1400\">\n<p data-start=\"1060\" data-end=\"1400\">Fonte: Nucom &#8211; PRF\/BA<\/p>\n","protected":false},"excerpt":{"rendered":"<p>Ve\u00edculo circulava com sinais identificadores adulterados; ocorr\u00eancia foi encaminhada \u00e0 Pol\u00edcia Civil Na noite desta segunda-feira (12), a Pol\u00edcia Rodovi\u00e1ria Federal (PRF) recuperou um ve\u00edculo com ocorr\u00eancia de furto\/roubo durante fiscaliza\u00e7\u00e3o no km 677 da BR-116, em Jequi\u00e9, sudoeste baiano. A a\u00e7\u00e3o aconteceu por volta das 19h20, quando a equipe abordou um autom\u00f3vel conduzido por [&hellip;]<\/p>\n","protected":false},"author":1,"featured_media":136892,"comment_status":"closed","ping_status":"closed","sticky":false,"template":"","format":"standard","meta":[],"categories":[3],"tags":[],"_links":{"self":[{"href":"https:\/\/blitzconquista.com.br\/index.php?rest_route=\/wp\/v2\/posts\/136890"}],"collection":[{"href":"https:\/\/blitzconquista.com.br\/index.php?rest_route=\/wp\/v2\/posts"}],"about":[{"href":"https:\/\/blitzconquista.com.br\/index.php?rest_route=\/wp\/v2\/types\/post"}],"author":[{"embeddable":true,"href":"https:\/\/blitzconquista.com.br\/index.php?rest_route=\/wp\/v2\/users\/1"}],"replies":[{"embeddable":true,"href":"https:\/\/blitzconquista.com.br\/index.php?rest_route=%2Fwp%2Fv2%2Fcomments&post=136890"}],"version-history":[{"count":1,"href":"https:\/\/blitzconquista.com.br\/index.php?rest_route=\/wp\/v2\/posts\/136890\/revisions"}],"predecessor-version":[{"id":136893,"href":"https:\/\/blitzconquista.com.br\/index.php?rest_route=\/wp\/v2\/posts\/136890\/revisions\/136893"}],"wp:featuredmedia":[{"embeddable":true,"href":"https:\/\/blitzconquista.com.br\/index.php?rest_route=\/wp\/v2\/media\/136892"}],"wp:attachment":[{"href":"https:\/\/blitzconquista.com.br\/index.php?rest_route=%2Fwp%2Fv2%2Fmedia&parent=136890"}],"wp:term":[{"taxonomy":"category","embeddable":true,"href":"https:\/\/blitzconquista.com.br\/index.php?rest_route=%2Fwp%2Fv2%2Fcategories&post=136890"},{"taxonomy":"post_tag","embeddable":true,"href":"https:\/\/blitzconquista.com.br\/index.php?rest_route=%2Fwp%2Fv2%2Ftags&post=136890"}],"curies":[{"name":"wp","href":"https:\/\/api.w.org\/{rel}","templated":true}]}}