{"id":136970,"date":"2025-05-22T18:04:02","date_gmt":"2025-05-22T21:04:02","guid":{"rendered":"https:\/\/blitzconquista.com.br\/?p=136970"},"modified":"2025-05-22T18:04:02","modified_gmt":"2025-05-22T21:04:02","slug":"armado-e-com-drogas-na-bagagem-prf-flagra-passageiro-com-pistola-e-mais-de-3-kg-de-crack-em-onibus-na-br-116","status":"publish","type":"post","link":"https:\/\/blitzconquista.com.br\/?p=136970","title":{"rendered":"Armado e com drogas na bagagem: PRF flagra passageiro com pistola e mais de 3 kg de crack em \u00f4nibus na BR-116"},"content":{"rendered":"<h3 class=\"documentDescription\" style=\"text-align: center;\">Ocorr\u00eancia foi registrada nesta quinta-feira (22), na Unidade Operacional da PRF em Vit\u00f3ria da Conquista (BA), durante fiscaliza\u00e7\u00e3o de combate ao crime<\/h3>\n<div id=\"viewlet-above-content-body\">\n<div id=\"media\"><img decoding=\"async\" loading=\"lazy\" class=\"aligncenter\" src=\"https:\/\/www.gov.br\/prf\/pt-br\/noticias\/estaduais\/bahia\/2025\/maio\/armado-e-com-drogas-na-bagagem-prf-flagra-passageiro-com-pistola-e-mais-de-3-kg-de-crack-em-onibus-na-br-116\/whatsapp-image-2025-05-22-at-11-38-41.jpeg\/@@images\/b57127a4-e5d1-4ac4-ad92-79b167dc24c8.jpeg\" alt=\"WhatsApp Image 2025-05-22 at 11.38.41.jpeg\" width=\"354\" height=\"768\" \/><\/div>\n<\/div>\n<div id=\"content-core\">\n<div id=\"parent-fieldname-text\" class=\"\">\n<div>\n<p data-start=\"271\" data-end=\"672\">Durante uma a\u00e7\u00e3o de enfrentamento \u00e0 criminalidade realizada na manh\u00e3 desta quinta-feira (22), a Pol\u00edcia Rodovi\u00e1ria Federal (PRF) apreendeu arma de fogo, muni\u00e7\u00f5es e entorpecentes no compartimento de passageiros de um \u00f4nibus interestadual que seguia de Rio de Janeiro (RJ) para Tiangu\u00e1 (CE). A abordagem ocorreu por volta das 10h30, na Unidade Operacional da PRF em Vit\u00f3ria da Conquista (BA), na BR-116.<\/p>\n<p data-start=\"674\" data-end=\"869\">Durante a fiscaliza\u00e7\u00e3o no interior do ve\u00edculo, os policiais localizaram uma mochila preta posicionada acima da \u00faltima poltrona. Dentro da bagagem, foram encontrados os seguintes itens il\u00edcitos:<\/p>\n<ul data-start=\"870\" data-end=\"1120\">\n<li data-start=\"870\" data-end=\"922\">\n<p data-start=\"872\" data-end=\"922\">01 pistola municiada, com a numera\u00e7\u00e3o suprimida;<\/p>\n<\/li>\n<li data-start=\"923\" data-end=\"950\">\n<p data-start=\"925\" data-end=\"950\">01 carregador alongado;<\/p>\n<\/li>\n<li data-start=\"951\" data-end=\"967\">\n<p data-start=\"953\" data-end=\"967\">25 muni\u00e7\u00f5es;<\/p>\n<\/li>\n<li data-start=\"968\" data-end=\"1040\">\n<p data-start=\"970\" data-end=\"1040\">3,100 kg de subst\u00e2ncia an\u00e1loga ao crack, divididos em tr\u00eas tabletes;<\/p>\n<\/li>\n<li data-start=\"1041\" data-end=\"1101\">\n<p data-start=\"1043\" data-end=\"1101\">608 g de subst\u00e2ncia semelhante \u00e0 maconha, em um tablete;<\/p>\n<\/li>\n<\/ul>\n<p data-start=\"1122\" data-end=\"1283\">O respons\u00e1vel pela mochila foi identificado pela equipe. Ele havia sido beneficiado com livramento condicional por meio de alvar\u00e1 de soltura em dezembro de 2024.<\/p>\n<p data-start=\"1285\" data-end=\"1513\">Diante dos fatos, o homem, juntamente com os materiais apreendidos, foi encaminhado \u00e0 Delegacia de Pol\u00edcia Civil no Distrito Integrado de Seguran\u00e7a P\u00fablica (DISEP), em Vit\u00f3ria da Conquista (BA), para ado\u00e7\u00e3o das medidas cab\u00edveis.<\/p>\n<\/div>\n<\/div>\n<\/div>\n<p data-start=\"1285\" data-end=\"1513\">\n<p data-start=\"1285\" data-end=\"1513\">Fonte: Nucom &#8211; PRF\/BA<\/p>\n","protected":false},"excerpt":{"rendered":"<p>Ocorr\u00eancia foi registrada nesta quinta-feira (22), na Unidade Operacional da PRF em Vit\u00f3ria da Conquista (BA), durante fiscaliza\u00e7\u00e3o de combate ao crime Durante uma a\u00e7\u00e3o de enfrentamento \u00e0 criminalidade realizada na manh\u00e3 desta quinta-feira (22), a Pol\u00edcia Rodovi\u00e1ria Federal (PRF) apreendeu arma de fogo, muni\u00e7\u00f5es e entorpecentes no compartimento de passageiros de um \u00f4nibus interestadual [&hellip;]<\/p>\n","protected":false},"author":1,"featured_media":136972,"comment_status":"closed","ping_status":"closed","sticky":false,"template":"","format":"standard","meta":[],"categories":[3],"tags":[],"_links":{"self":[{"href":"https:\/\/blitzconquista.com.br\/index.php?rest_route=\/wp\/v2\/posts\/136970"}],"collection":[{"href":"https:\/\/blitzconquista.com.br\/index.php?rest_route=\/wp\/v2\/posts"}],"about":[{"href":"https:\/\/blitzconquista.com.br\/index.php?rest_route=\/wp\/v2\/types\/post"}],"author":[{"embeddable":true,"href":"https:\/\/blitzconquista.com.br\/index.php?rest_route=\/wp\/v2\/users\/1"}],"replies":[{"embeddable":true,"href":"https:\/\/blitzconquista.com.br\/index.php?rest_route=%2Fwp%2Fv2%2Fcomments&post=136970"}],"version-history":[{"count":1,"href":"https:\/\/blitzconquista.com.br\/index.php?rest_route=\/wp\/v2\/posts\/136970\/revisions"}],"predecessor-version":[{"id":136973,"href":"https:\/\/blitzconquista.com.br\/index.php?rest_route=\/wp\/v2\/posts\/136970\/revisions\/136973"}],"wp:featuredmedia":[{"embeddable":true,"href":"https:\/\/blitzconquista.com.br\/index.php?rest_route=\/wp\/v2\/media\/136972"}],"wp:attachment":[{"href":"https:\/\/blitzconquista.com.br\/index.php?rest_route=%2Fwp%2Fv2%2Fmedia&parent=136970"}],"wp:term":[{"taxonomy":"category","embeddable":true,"href":"https:\/\/blitzconquista.com.br\/index.php?rest_route=%2Fwp%2Fv2%2Fcategories&post=136970"},{"taxonomy":"post_tag","embeddable":true,"href":"https:\/\/blitzconquista.com.br\/index.php?rest_route=%2Fwp%2Fv2%2Ftags&post=136970"}],"curies":[{"name":"wp","href":"https:\/\/api.w.org\/{rel}","templated":true}]}}