{"id":136986,"date":"2025-05-23T11:00:51","date_gmt":"2025-05-23T14:00:51","guid":{"rendered":"https:\/\/blitzconquista.com.br\/?p=136986"},"modified":"2025-05-23T10:38:20","modified_gmt":"2025-05-23T13:38:20","slug":"conquista-obra-literaria-quando-o-pulpito-se-torna-palanque-politica-fe-e-memoria-do-professor-marcio-ribeiro-sera-lancada-sabado-24-confira-detalhes","status":"publish","type":"post","link":"https:\/\/blitzconquista.com.br\/?p=136986","title":{"rendered":"CONQUISTA | Obra liter\u00e1ria \u201cQuando o p\u00falpito se torna palanque: pol\u00edtica, f\u00e9 e mem\u00f3ria\u201d, do professor M\u00e1rcio Ribeiro, ser\u00e1 lan\u00e7ada s\u00e1bado (24), confira detalhes"},"content":{"rendered":"<header class=\"entry-header\">\n<div class=\"entry-meta\"><span class=\"byline\">Por<span class=\"author vcard\">\u00a0<a class=\"url fn n\" href=\"https:\/\/sudoestedigital.com.br\/author\/sudoeste-digital\/\">Sudoeste Digital<\/a><\/span><\/span><span class=\"posted-on\">\u00a0postado em\u00a0<a href=\"https:\/\/sudoestedigital.com.br\/conquista-obra-literaria-quando-o-pulpito-se-torna-palanque-politica-fe-e-memoria-do-professor-marcio-ribeiro-sera-lancada-sabado-24-confira-detalhes\/\" rel=\"bookmark\"><time class=\"entry-date published\" datetime=\"2025-05-22T16:18:53-03:00\">22 de maio de 2025<\/time><\/a><\/span>\u00a0\u00e0s\u00a016:18<\/div>\n<\/header>\n<div class=\"entry-content\">\n<p><img decoding=\"async\" loading=\"lazy\" class=\" wp-image-60921 aligncenter\" src=\"https:\/\/sudoestedigital.com.br\/wp-content\/uploads\/2025\/05\/WhatsApp-Image-2025-05-22-at-16.08.08.jpeg\" sizes=\"(max-width: 686px) 100vw, 686px\" srcset=\"https:\/\/sudoestedigital.com.br\/wp-content\/uploads\/2025\/05\/WhatsApp-Image-2025-05-22-at-16.08.08.jpeg 1200w, https:\/\/sudoestedigital.com.br\/wp-content\/uploads\/2025\/05\/WhatsApp-Image-2025-05-22-at-16.08.08-406x340.jpeg 406w, https:\/\/sudoestedigital.com.br\/wp-content\/uploads\/2025\/05\/WhatsApp-Image-2025-05-22-at-16.08.08-580x486.jpeg 580w, https:\/\/sudoestedigital.com.br\/wp-content\/uploads\/2025\/05\/WhatsApp-Image-2025-05-22-at-16.08.08-768x644.jpeg 768w\" alt=\"\" width=\"686\" height=\"575\" data-first-enter-image=\"true\" \/><\/p>\n<p>A rela\u00e7\u00e3o entre o Estado e a Igreja, mais notadamente no campo pol\u00edtico, com remiss\u00f5es que remontam as hist\u00f3rias antiga e contempor\u00e2nea, \u00e9 o norte que noz conduz \u00e0 leitura da obra liter\u00e1ria \u201c<strong><em>Quando o p\u00falpito se torna palanque: pol\u00edtica, f\u00e9 e mem\u00f3ria<\/em><\/strong>\u201c.<span id=\"more-60920\"><\/span><\/p>\n<p>Desenvolvida e escrita pelo advogado e professor universit\u00e1rio, M\u00e1rcio Costa Brito Ribeiro, o livro apresenta aprofundados estudos sobre o tema principal em suas mais de 160 p\u00e1ginas, numa leitura suave e rica em conte\u00fado. Dividido em cap\u00edtulos, a obra conta com muitas imagens ilustrativas, o que enriquece ainda mais o conte\u00fado.<\/p>\n<p>O lan\u00e7amento acontece nesse s\u00e1bado (24), a partir das 17 horas, na Igreja Batista da Cidade, situada na Rua TG 10, Lote 19, Alto da Boa Vista. Clique\u00a0<strong><a href=\"https:\/\/maps.app.goo.gl\/SzwCDwBTirUBLCCR9\">AQUI<\/a>\u00a0<\/strong>para a localiza\u00e7\u00e3o exata.<\/p>\n<p><img decoding=\"async\" loading=\"lazy\" class=\" wp-image-60922 aligncenter\" src=\"https:\/\/sudoestedigital.com.br\/wp-content\/uploads\/2025\/05\/WhatsApp-Image-2025-05-22-at-15.48.40.jpeg\" sizes=\"(max-width: 644px) 100vw, 644px\" srcset=\"https:\/\/sudoestedigital.com.br\/wp-content\/uploads\/2025\/05\/WhatsApp-Image-2025-05-22-at-15.48.40.jpeg 960w, https:\/\/sudoestedigital.com.br\/wp-content\/uploads\/2025\/05\/WhatsApp-Image-2025-05-22-at-15.48.40-272x340.jpeg 272w, https:\/\/sudoestedigital.com.br\/wp-content\/uploads\/2025\/05\/WhatsApp-Image-2025-05-22-at-15.48.40-580x725.jpeg 580w, https:\/\/sudoestedigital.com.br\/wp-content\/uploads\/2025\/05\/WhatsApp-Image-2025-05-22-at-15.48.40-768x960.jpeg 768w\" alt=\"\" width=\"644\" height=\"805\" \/><\/p>\n<p>Longe de ter um vi\u00e9s, digamos,\u00a0<em>crist\u00e3o-pol\u00edtico<\/em>\u00a0partid\u00e1rio, o que vemos na obra \u00e9 uma an\u00e1lise aprofundada sobre essas rela\u00e7\u00f5es abomin\u00e1veis \u00e9 um importante alerta sobre a intensifica\u00e7\u00e3o da aproxima\u00e7\u00e3o entre pol\u00edtica e religi\u00e3o \u2013 n\u00e3o necessariamente nessa ordem.<\/p>\n<p>Com a sua viv\u00eancia crist\u00e3 de muitos anos, o que o escritor intenciona formar entre seus leitores \u00e9 a forma\u00e7\u00e3o de um senso cr\u00edtico a ponto de entender os perigos que se escondem nos bastidores dessa \u201cdualidade odiosa\u201d.<\/p>\n<\/div>\n","protected":false},"excerpt":{"rendered":"<p>Por\u00a0Sudoeste Digital\u00a0postado em\u00a022 de maio de 2025\u00a0\u00e0s\u00a016:18 A rela\u00e7\u00e3o entre o Estado e a Igreja, mais notadamente no campo pol\u00edtico, com remiss\u00f5es que remontam as hist\u00f3rias antiga e contempor\u00e2nea, \u00e9 o norte que noz conduz \u00e0 leitura da obra liter\u00e1ria \u201cQuando o p\u00falpito se torna palanque: pol\u00edtica, f\u00e9 e mem\u00f3ria\u201c. Desenvolvida e escrita pelo advogado [&hellip;]<\/p>\n","protected":false},"author":1,"featured_media":136988,"comment_status":"closed","ping_status":"closed","sticky":false,"template":"","format":"standard","meta":[],"categories":[4],"tags":[],"_links":{"self":[{"href":"https:\/\/blitzconquista.com.br\/index.php?rest_route=\/wp\/v2\/posts\/136986"}],"collection":[{"href":"https:\/\/blitzconquista.com.br\/index.php?rest_route=\/wp\/v2\/posts"}],"about":[{"href":"https:\/\/blitzconquista.com.br\/index.php?rest_route=\/wp\/v2\/types\/post"}],"author":[{"embeddable":true,"href":"https:\/\/blitzconquista.com.br\/index.php?rest_route=\/wp\/v2\/users\/1"}],"replies":[{"embeddable":true,"href":"https:\/\/blitzconquista.com.br\/index.php?rest_route=%2Fwp%2Fv2%2Fcomments&post=136986"}],"version-history":[{"count":1,"href":"https:\/\/blitzconquista.com.br\/index.php?rest_route=\/wp\/v2\/posts\/136986\/revisions"}],"predecessor-version":[{"id":136989,"href":"https:\/\/blitzconquista.com.br\/index.php?rest_route=\/wp\/v2\/posts\/136986\/revisions\/136989"}],"wp:featuredmedia":[{"embeddable":true,"href":"https:\/\/blitzconquista.com.br\/index.php?rest_route=\/wp\/v2\/media\/136988"}],"wp:attachment":[{"href":"https:\/\/blitzconquista.com.br\/index.php?rest_route=%2Fwp%2Fv2%2Fmedia&parent=136986"}],"wp:term":[{"taxonomy":"category","embeddable":true,"href":"https:\/\/blitzconquista.com.br\/index.php?rest_route=%2Fwp%2Fv2%2Fcategories&post=136986"},{"taxonomy":"post_tag","embeddable":true,"href":"https:\/\/blitzconquista.com.br\/index.php?rest_route=%2Fwp%2Fv2%2Ftags&post=136986"}],"curies":[{"name":"wp","href":"https:\/\/api.w.org\/{rel}","templated":true}]}}