{"id":137191,"date":"2025-06-05T08:47:18","date_gmt":"2025-06-05T11:47:18","guid":{"rendered":"https:\/\/blitzconquista.com.br\/?p=137191"},"modified":"2025-06-05T08:47:18","modified_gmt":"2025-06-05T11:47:18","slug":"marinha-expulsa-militar-condenado-por-atos-golpistas-de-8-de-janeiro","status":"publish","type":"post","link":"https:\/\/blitzconquista.com.br\/?p=137191","title":{"rendered":"Marinha expulsa militar condenado por atos golpistas de 8 de janeiro"},"content":{"rendered":"<div class=\"header-noticia full-width\">\n<h3 class=\"linha-fina-noticia\" style=\"text-align: center;\">Marco Ant\u00f4nio Braga Caldas tem condena\u00e7\u00e3o de 14 anos pelo STF<\/h3>\n<\/div>\n<div class=\"capa-materia rel-position\">\n<figure><img decoding=\"async\" id=\"media-367066\" class=\"aligncenter\" title=\"Marcelo Camargo\/Ag\u00eancia Brasil\" src=\"https:\/\/imagens.ebc.com.br\/Ao2Cbwtw97rLukjlWpzFHlwEQrM=\/1170x700\/smart\/https:\/\/agenciabrasil.ebc.com.br\/sites\/default\/files\/thumbnails\/image\/8_2.jpg?itok=auit8wIU\" alt=\"Bras\u00edlia-DF, 08\/01\/2023, Manifestantes invadem o Congresso, o STF e o Pal\u00e1cio do Planalto em 08 de Janeiro de 2023. Foto: Marcelo Camargo\/Ag\u00eancia Brasil\" \/><figcaption class=\"credito-foto abs-position fullwidth\">\u00a9 Marcelo Camargo\/Ag\u00eancia Brasil<\/figcaption><\/figure>\n<\/div>\n<div class=\"conteudo-noticia\">\n<p>A <strong>Marinha<\/strong>\u00a0divulgou, nesta quarta-feira (4), que\u00a0<strong>expulsou o suboficial Marco Ant\u00f4nio Braga Caldas, condenado\u00a0pelo Supremo Tribunal Federal (STF)\u00a0a 14 anos de pris\u00e3o por participa\u00e7\u00e3o nos\u00a0atos golpistas<\/strong>\u00a0realizados em 8 de janeiro de 2023, em Bras\u00edlia. Ele j\u00e1 estava na reserva (o equivalente a situa\u00e7\u00e3o de aposentado).<img decoding=\"async\" src=\"https:\/\/agenciabrasil.ebc.com.br\/ebc.png?id=1645430&amp;o=node\" \/><img decoding=\"async\" src=\"https:\/\/agenciabrasil.ebc.com.br\/ebc.gif?id=1645430&amp;o=node\" \/><\/p>\n<p><strong>Caldas \u00e9 o primeiro militar expulso das fileiras militares em raz\u00e3o de condena\u00e7\u00e3o no caso dos atos de 8 de janeiro<\/strong>, quando um grupo de apoiadores do ex-presidente Jair Bolsonaro invadiram e depredaram as sedes dos Tr\u00eas Poderes em Bras\u00edlia.\u00a0 A decis\u00e3o foi tomada ap\u00f3s avalia\u00e7\u00e3o do Conselho de Disciplina encarregado de avaliar a situa\u00e7\u00e3o do militar. Ap\u00f3s o julgamento, foi definida a \u201cexclus\u00e3o a bem da disciplina do militar da situa\u00e7\u00e3o de inatividade\u201d.<\/p>\n<p>Segundo regulamento dos militares, o\u00a0<a href=\"https:\/\/www.planalto.gov.br\/ccivil_03\/decreto\/1970-1979\/D71500.htm#:~:text=1%C2%BA%20O%20Conselho%20de%20Disciplina,tempo%2C%20condi%C3%A7%C3%B5es%20para%20se%20defenderem.\" target=\"_blank\" rel=\"noopener\">Conselho Disciplinar<\/a>\u00a0\u00e9 o \u00f3rg\u00e3o que avalia incorre\u00e7\u00f5es disciplinares e \u00e9 composto por cinco membros. Esse grupo \u00e9 reunido para julgar situa\u00e7\u00f5es como essa, em que o militar \u00e9 condenado pela justi\u00e7a civil.<\/p>\n<p><strong>O STF determinou a execu\u00e7\u00e3o da pena em dezembro do ano passado. Por enquanto, ele est\u00e1 preso em quartel da Marinha. Mas, com a expuls\u00e3o, ele deve perder o direito \u00e0 pris\u00e3o especial.<\/strong><\/p>\n<p>&nbsp;<\/p>\n<p>Fonte: Ag\u00eancia Brasil<\/p>\n<\/div>\n","protected":false},"excerpt":{"rendered":"<p>Marco Ant\u00f4nio Braga Caldas tem condena\u00e7\u00e3o de 14 anos pelo STF \u00a9 Marcelo Camargo\/Ag\u00eancia Brasil A Marinha\u00a0divulgou, nesta quarta-feira (4), que\u00a0expulsou o suboficial Marco Ant\u00f4nio Braga Caldas, condenado\u00a0pelo Supremo Tribunal Federal (STF)\u00a0a 14 anos de pris\u00e3o por participa\u00e7\u00e3o nos\u00a0atos golpistas\u00a0realizados em 8 de janeiro de 2023, em Bras\u00edlia. Ele j\u00e1 estava na reserva (o equivalente [&hellip;]<\/p>\n","protected":false},"author":1,"featured_media":137194,"comment_status":"closed","ping_status":"closed","sticky":false,"template":"","format":"standard","meta":[],"categories":[478,212],"tags":[],"_links":{"self":[{"href":"https:\/\/blitzconquista.com.br\/index.php?rest_route=\/wp\/v2\/posts\/137191"}],"collection":[{"href":"https:\/\/blitzconquista.com.br\/index.php?rest_route=\/wp\/v2\/posts"}],"about":[{"href":"https:\/\/blitzconquista.com.br\/index.php?rest_route=\/wp\/v2\/types\/post"}],"author":[{"embeddable":true,"href":"https:\/\/blitzconquista.com.br\/index.php?rest_route=\/wp\/v2\/users\/1"}],"replies":[{"embeddable":true,"href":"https:\/\/blitzconquista.com.br\/index.php?rest_route=%2Fwp%2Fv2%2Fcomments&post=137191"}],"version-history":[{"count":1,"href":"https:\/\/blitzconquista.com.br\/index.php?rest_route=\/wp\/v2\/posts\/137191\/revisions"}],"predecessor-version":[{"id":137195,"href":"https:\/\/blitzconquista.com.br\/index.php?rest_route=\/wp\/v2\/posts\/137191\/revisions\/137195"}],"wp:featuredmedia":[{"embeddable":true,"href":"https:\/\/blitzconquista.com.br\/index.php?rest_route=\/wp\/v2\/media\/137194"}],"wp:attachment":[{"href":"https:\/\/blitzconquista.com.br\/index.php?rest_route=%2Fwp%2Fv2%2Fmedia&parent=137191"}],"wp:term":[{"taxonomy":"category","embeddable":true,"href":"https:\/\/blitzconquista.com.br\/index.php?rest_route=%2Fwp%2Fv2%2Fcategories&post=137191"},{"taxonomy":"post_tag","embeddable":true,"href":"https:\/\/blitzconquista.com.br\/index.php?rest_route=%2Fwp%2Fv2%2Ftags&post=137191"}],"curies":[{"name":"wp","href":"https:\/\/api.w.org\/{rel}","templated":true}]}}