{"id":137284,"date":"2025-06-10T09:12:53","date_gmt":"2025-06-10T12:12:53","guid":{"rendered":"https:\/\/blitzconquista.com.br\/?p=137284"},"modified":"2025-06-10T09:12:53","modified_gmt":"2025-06-10T12:12:53","slug":"ficco-ilheus-prende-foragido-condenado-por-estupro-de-vulneravel","status":"publish","type":"post","link":"https:\/\/blitzconquista.com.br\/?p=137284","title":{"rendered":"FICCO\/Ilh\u00e9us prende foragido condenado por estupro de vulner\u00e1vel"},"content":{"rendered":"<h3 class=\"documentDescription\" style=\"text-align: center;\">O detido foi apresentado na Delegacia Especial de Atendimento \u00e0 Mulher em Jequi\u00e9<\/h3>\n<div id=\"viewlet-above-content-body\">\n<div id=\"media\"><img decoding=\"async\" loading=\"lazy\" class=\"aligncenter\" src=\"https:\/\/www.gov.br\/pf\/pt-br\/assuntos\/noticias\/2025\/06\/ficco-ilheus-prende-foragido-condenado-por-estupro-de-vulneravel\/imagem_2025-06-09_162701118.png\/@@images\/db6da176-1121-4476-8ec1-e1bdcbb365da.png\" alt=\"imagem_2025-06-09_162701118.png\" width=\"768\" height=\"763\" \/><\/div>\n<\/div>\n<div id=\"content-core\">\n<div id=\"parent-fieldname-text\" class=\"\">\n<div>\n<p dir=\"ltr\"><strong>Ilh\u00e9us\/BA.\u00a0<\/strong>Na \u00faltima quinta-feira (5\/6), a For\u00e7a Integrada de Combate ao Crime Organizado em Ilh\u00e9us &#8211; FICCO\/Ilh\u00e9us cumpriu um mandado de pris\u00e3o em desfavor de nacional foragido, condenado pelo crime de estupro de vulner\u00e1vel, na cidade de Jequi\u00e9\/BA.<\/p>\n<p dir=\"ltr\">O detido foi apresentado na Delegacia Especial de Atendimento \u00e0 Mulher em Jequi\u00e9 para procedimentos de praxe.<\/p>\n<p dir=\"ltr\">A FICCO\/Ilh\u00e9us \u00e9 composta pela Pol\u00edcia Federal, Pol\u00edcia Militar, Pol\u00edcia Rodovi\u00e1ria Federal, Pol\u00edcia Civil e Secretaria de Seguran\u00e7a P\u00fablica do Estado da Bahia.<\/p>\n<p dir=\"ltr\">\n<p dir=\"ltr\">Fonte: Comunica\u00e7\u00e3o Social da Pol\u00edcia Federal na Bahia<\/p>\n<\/div>\n<\/div>\n<\/div>\n","protected":false},"excerpt":{"rendered":"<p>O detido foi apresentado na Delegacia Especial de Atendimento \u00e0 Mulher em Jequi\u00e9 Ilh\u00e9us\/BA.\u00a0Na \u00faltima quinta-feira (5\/6), a For\u00e7a Integrada de Combate ao Crime Organizado em Ilh\u00e9us &#8211; FICCO\/Ilh\u00e9us cumpriu um mandado de pris\u00e3o em desfavor de nacional foragido, condenado pelo crime de estupro de vulner\u00e1vel, na cidade de Jequi\u00e9\/BA. O detido foi apresentado na [&hellip;]<\/p>\n","protected":false},"author":1,"featured_media":137287,"comment_status":"closed","ping_status":"closed","sticky":false,"template":"","format":"standard","meta":[],"categories":[3],"tags":[],"_links":{"self":[{"href":"https:\/\/blitzconquista.com.br\/index.php?rest_route=\/wp\/v2\/posts\/137284"}],"collection":[{"href":"https:\/\/blitzconquista.com.br\/index.php?rest_route=\/wp\/v2\/posts"}],"about":[{"href":"https:\/\/blitzconquista.com.br\/index.php?rest_route=\/wp\/v2\/types\/post"}],"author":[{"embeddable":true,"href":"https:\/\/blitzconquista.com.br\/index.php?rest_route=\/wp\/v2\/users\/1"}],"replies":[{"embeddable":true,"href":"https:\/\/blitzconquista.com.br\/index.php?rest_route=%2Fwp%2Fv2%2Fcomments&post=137284"}],"version-history":[{"count":1,"href":"https:\/\/blitzconquista.com.br\/index.php?rest_route=\/wp\/v2\/posts\/137284\/revisions"}],"predecessor-version":[{"id":137288,"href":"https:\/\/blitzconquista.com.br\/index.php?rest_route=\/wp\/v2\/posts\/137284\/revisions\/137288"}],"wp:featuredmedia":[{"embeddable":true,"href":"https:\/\/blitzconquista.com.br\/index.php?rest_route=\/wp\/v2\/media\/137287"}],"wp:attachment":[{"href":"https:\/\/blitzconquista.com.br\/index.php?rest_route=%2Fwp%2Fv2%2Fmedia&parent=137284"}],"wp:term":[{"taxonomy":"category","embeddable":true,"href":"https:\/\/blitzconquista.com.br\/index.php?rest_route=%2Fwp%2Fv2%2Fcategories&post=137284"},{"taxonomy":"post_tag","embeddable":true,"href":"https:\/\/blitzconquista.com.br\/index.php?rest_route=%2Fwp%2Fv2%2Ftags&post=137284"}],"curies":[{"name":"wp","href":"https:\/\/api.w.org\/{rel}","templated":true}]}}