{"id":137289,"date":"2025-06-10T09:15:40","date_gmt":"2025-06-10T12:15:40","guid":{"rendered":"https:\/\/blitzconquista.com.br\/?p=137289"},"modified":"2025-06-10T09:15:53","modified_gmt":"2025-06-10T12:15:53","slug":"policia-federal-deflagra-operacao-contra-comercializacao-ilegal-de-armas-de-fogo","status":"publish","type":"post","link":"https:\/\/blitzconquista.com.br\/?p=137289","title":{"rendered":"Pol\u00edcia Federal deflagra opera\u00e7\u00e3o contra comercializa\u00e7\u00e3o ilegal de armas de fogo"},"content":{"rendered":"<h3 class=\"documentDescription\" style=\"text-align: center;\">Foram expedidos dois mandados de busca e apreens\u00e3o, os quais foram cumpridos nas cidades de Praia Grande\/SP e Jarinu\/SP<\/h3>\n<div id=\"content-core\">\n<div id=\"parent-fieldname-text\" class=\"\">\n<div>\n<p><img decoding=\"async\" loading=\"lazy\" class=\"aligncenter\" src=\"https:\/\/www.gov.br\/pf\/pt-br\/assuntos\/noticias\/2025\/06\/policia-federal-deflagra-operacao-contra-comercializacao-ilegal-de-armas-de-fogo\/whatsapp-image-2025-06-10-at-07-29-50.jpeg\/@@images\/ad9c6d4c-295b-4a05-a745-f29a257ef5c2.jpeg\" alt=\"WhatsApp Image 2025-06-10 at 07.29.50.jpeg\" width=\"768\" height=\"747\" \/><\/p>\n<p><b>Salvador\/BA.<\/b>\u00a0A Pol\u00edcia Federal, o Minist\u00e9rio P\u00fablico da Bahia e o Grupo de Atua\u00e7\u00e3o Especial\u00a0no\u00a0Combate ao Crime Organizado &#8211; GAECO deflagraram, nesta ter\u00e7a-feira (10\/6), a Opera\u00e7\u00e3o Desvio B\u00e9lico, com objetivo de aprofundar investiga\u00e7\u00f5es envolvendo um homem com licen\u00e7a de Colecionador, Atirador Desportivo e Ca\u00e7ador (CAC), que teria vendido um fuzil, em desacordo com determina\u00e7\u00e3o legal ou regulamentar, ao l\u00edder de uma organiza\u00e7\u00e3o criminosa atuante em Porto Seguro\/BA e cidades adjacentes.<\/p>\n<p>Foram expedidos dois mandados de busca e apreens\u00e3o, pelo Ju\u00edzo da 1\u00aa Vara Criminal de Porto Seguro\/BA, os quais foram cumpridos nas cidades de Praia Grande\/SP e Jarinu\/SP. O caso em investiga\u00e7\u00e3o \u00e9 um desdobramento das dilig\u00eancias que culminaram com a apreens\u00e3o de um fuzil, ocorrida em dezembro de 2024, em Porto Seguro\/BA.<\/p>\n<p>A investiga\u00e7\u00e3o continuar\u00e1 para apura\u00e7\u00e3o de eventuais outros envolvidos e fatos conexos. Se condenados pelos crimes cometidos, os investigados se sujeitar\u00e3o a penas m\u00e1ximas que, somadas, podem ultrapassar 12 anos de reclus\u00e3o.<\/p>\n<h3 class=\"documentDescription\"><\/h3>\n<div id=\"viewlet-above-content-body\">\n<div class=\"swiper-container swiper-container-horizontal\">\n<div class=\"swiper-wrapper\">\n<div class=\"swiper-slide\">\n<div class=\"swiper-player aspect-16-9\">\n<div class=\"swiper-image-wrapper\"><img decoding=\"async\" loading=\"lazy\" class=\"aligncenter\" src=\"https:\/\/www.gov.br\/pf\/pt-br\/assuntos\/noticias\/2025\/06\/policia-federal-deflagra-operacao-contra-comercializacao-ilegal-de-armas-de-fogo\/whatsapp-image-2025-06-10-at-07-29-51.jpeg\/@@images\/8fb58e5b-68fc-465a-9d75-60a67a5345eb.jpeg\" alt=\"WhatsApp Image 2025-06-10 at 07.29.51.jpeg\" width=\"431\" height=\"768\" \/><\/div>\n<\/div>\n<div class=\"swiper-description\"><\/div>\n<\/div>\n<div class=\"swiper-slide swiper-slide-prev\">\n<div class=\"swiper-player aspect-16-9\">\n<div class=\"swiper-image-wrapper\"><\/div>\n<\/div>\n<div class=\"swiper-description\"><\/div>\n<\/div>\n<div class=\"swiper-slide swiper-slide-active\">\n<div class=\"swiper-player aspect-16-9\">\n<div class=\"swiper-image-wrapper\"><img decoding=\"async\" loading=\"lazy\" class=\"aligncenter\" src=\"https:\/\/www.gov.br\/pf\/pt-br\/assuntos\/noticias\/2025\/06\/policia-federal-deflagra-operacao-contra-comercializacao-ilegal-de-armas-de-fogo\/whatsapp-image-2025-06-10-at-07-29-51-1.jpeg\/@@images\/5564cd79-6f96-47f8-a15d-7aa40acc7418.jpeg\" alt=\"WhatsApp Image 2025-06-10 at 07.29.51 (1).jpeg\" width=\"728\" height=\"768\" \/><\/div>\n<\/div>\n<div class=\"swiper-description\"><\/div>\n<\/div>\n<\/div>\n<div class=\"swiper-button-next swiper-button-white swiper-button-disabled\"><\/div>\n<div class=\"swiper-button-prev swiper-button-white\"><\/div>\n<\/div>\n<\/div>\n<p align=\"right\"><i>Comunica\u00e7\u00e3o Social da Pol\u00edcia Federal na Bahia<\/i><\/p>\n<\/div>\n<\/div>\n<\/div>\n","protected":false},"excerpt":{"rendered":"<p>Foram expedidos dois mandados de busca e apreens\u00e3o, os quais foram cumpridos nas cidades de Praia Grande\/SP e Jarinu\/SP Salvador\/BA.\u00a0A Pol\u00edcia Federal, o Minist\u00e9rio P\u00fablico da Bahia e o Grupo de Atua\u00e7\u00e3o Especial\u00a0no\u00a0Combate ao Crime Organizado &#8211; GAECO deflagraram, nesta ter\u00e7a-feira (10\/6), a Opera\u00e7\u00e3o Desvio B\u00e9lico, com objetivo de aprofundar investiga\u00e7\u00f5es envolvendo um homem com [&hellip;]<\/p>\n","protected":false},"author":1,"featured_media":137291,"comment_status":"closed","ping_status":"closed","sticky":false,"template":"","format":"standard","meta":[],"categories":[1,3],"tags":[],"_links":{"self":[{"href":"https:\/\/blitzconquista.com.br\/index.php?rest_route=\/wp\/v2\/posts\/137289"}],"collection":[{"href":"https:\/\/blitzconquista.com.br\/index.php?rest_route=\/wp\/v2\/posts"}],"about":[{"href":"https:\/\/blitzconquista.com.br\/index.php?rest_route=\/wp\/v2\/types\/post"}],"author":[{"embeddable":true,"href":"https:\/\/blitzconquista.com.br\/index.php?rest_route=\/wp\/v2\/users\/1"}],"replies":[{"embeddable":true,"href":"https:\/\/blitzconquista.com.br\/index.php?rest_route=%2Fwp%2Fv2%2Fcomments&post=137289"}],"version-history":[{"count":1,"href":"https:\/\/blitzconquista.com.br\/index.php?rest_route=\/wp\/v2\/posts\/137289\/revisions"}],"predecessor-version":[{"id":137292,"href":"https:\/\/blitzconquista.com.br\/index.php?rest_route=\/wp\/v2\/posts\/137289\/revisions\/137292"}],"wp:featuredmedia":[{"embeddable":true,"href":"https:\/\/blitzconquista.com.br\/index.php?rest_route=\/wp\/v2\/media\/137291"}],"wp:attachment":[{"href":"https:\/\/blitzconquista.com.br\/index.php?rest_route=%2Fwp%2Fv2%2Fmedia&parent=137289"}],"wp:term":[{"taxonomy":"category","embeddable":true,"href":"https:\/\/blitzconquista.com.br\/index.php?rest_route=%2Fwp%2Fv2%2Fcategories&post=137289"},{"taxonomy":"post_tag","embeddable":true,"href":"https:\/\/blitzconquista.com.br\/index.php?rest_route=%2Fwp%2Fv2%2Ftags&post=137289"}],"curies":[{"name":"wp","href":"https:\/\/api.w.org\/{rel}","templated":true}]}}