{"id":137297,"date":"2025-06-10T09:30:38","date_gmt":"2025-06-10T12:30:38","guid":{"rendered":"https:\/\/blitzconquista.com.br\/?p=137297"},"modified":"2025-06-10T09:30:38","modified_gmt":"2025-06-10T12:30:38","slug":"quase-64-mil-criancas-e-adolescentes-foram-retiradas-do-trabalho-infantil-entre-2023-e-2025","status":"publish","type":"post","link":"https:\/\/blitzconquista.com.br\/?p=137297","title":{"rendered":"Quase 6,4 mil crian\u00e7as e adolescentes foram retiradas do trabalho infantil, entre 2023 e 2025"},"content":{"rendered":"<div class=\"header-noticia fullwidth\">\n<h3 class=\"resumo-da-noticia fullwidth\" style=\"text-align: center;\">Minist\u00e9rio do Trabalho e Emprego (MTE) intensificou fiscaliza\u00e7\u00f5es e afastou menores das piores formas de explora\u00e7\u00e3o no pa\u00eds.<\/h3>\n<\/div>\n<div class=\"audio-noticia-container rowflex\">\n<div class=\"info-e-compartilhamento fullwidth rowflex rowflex-full\">\n<div class=\"data-publicacao rowflex\"><\/div>\n<\/div>\n<\/div>\n<div class=\"container-audiodescricao fullwidth\">\n<div class=\"row-nome-programa row-gray rowflex fullwidth\">\n<div class=\"linha\">\n<figure id=\"attachment_137299\" aria-describedby=\"caption-attachment-137299\" style=\"width: 695px\" class=\"wp-caption aligncenter\"><img decoding=\"async\" loading=\"lazy\" class=\"wp-image-137299 size-large\" src=\"http:\/\/blitzconquista.com.br\/wp-content\/uploads\/2025\/06\/foto-site-final-definitivo-695x452.png\" alt=\"\" width=\"695\" height=\"452\" srcset=\"https:\/\/blitzconquista.com.br\/wp-content\/uploads\/2025\/06\/foto-site-final-definitivo-695x452.png 695w, https:\/\/blitzconquista.com.br\/wp-content\/uploads\/2025\/06\/foto-site-final-definitivo-300x195.png 300w, https:\/\/blitzconquista.com.br\/wp-content\/uploads\/2025\/06\/foto-site-final-definitivo-768x499.png 768w, https:\/\/blitzconquista.com.br\/wp-content\/uploads\/2025\/06\/foto-site-final-definitivo-1536x999.png 1536w, https:\/\/blitzconquista.com.br\/wp-content\/uploads\/2025\/06\/foto-site-final-definitivo-130x86.png 130w, https:\/\/blitzconquista.com.br\/wp-content\/uploads\/2025\/06\/foto-site-final-definitivo-990x644.png 990w, https:\/\/blitzconquista.com.br\/wp-content\/uploads\/2025\/06\/foto-site-final-definitivo-1320x858.png 1320w, https:\/\/blitzconquista.com.br\/wp-content\/uploads\/2025\/06\/foto-site-final-definitivo.png 1661w\" sizes=\"(max-width: 695px) 100vw, 695px\" \/><figcaption id=\"caption-attachment-137299\" class=\"wp-caption-text\">Imagem: MTE<\/figcaption><\/figure>\n<\/div>\n<\/div>\n<div class=\"texto-audiodescricao\">\n<p>O governo federal, por meio do Minist\u00e9rio do Trabalho e Emprego (MTE), retirou quase 6.400 crian\u00e7as e adolescentes do trabalho infantil entre 2023 e abril de 2025. Segundo o MTE, a a\u00e7\u00e3o priorizou as piores formas de explora\u00e7\u00e3o, com 86% dos casos envolvendo atividades que oferecem graves riscos \u00e0 sa\u00fade e ao desenvolvimento dos menores.<\/p>\n<p>Em 2023, foram afastadas 2.564 crian\u00e7as e adolescentes. Em 2024, o n\u00famero subiu para 2.741. Nos quatro primeiros meses de 2025, j\u00e1 foram 1.067 afastamentos.<\/p>\n<p>Meninos representaram 74% dos casos e meninas 26%. Crian\u00e7as at\u00e9 13 anos, faixa em que qualquer trabalho \u00e9 proibido, somaram 791 afastamentos. A maioria dos casos ocorreu com adolescentes entre 16 e 17 anos, totalizando 4.130 afastamentos.<\/p>\n<p>As principais atividades onde o trabalho infantil foi identificado incluem com\u00e9rcio varejista, alimenta\u00e7\u00e3o, oficinas de ve\u00edculos, agricultura e pecu\u00e1ria.<\/p>\n<p>Ap\u00f3s o afastamento, os jovens recebem apoio por meio de pol\u00edticas p\u00fablicas e programas de aprendizagem profissional, que garantem direitos trabalhistas e a continuidade da educa\u00e7\u00e3o formal.<\/p>\n<p>O Minist\u00e9rio do Trabalho e Emprego disponibiliza o Sistema Ip\u00ea Trabalho Infantil para den\u00fancias de explora\u00e7\u00e3o, por meio do link: ipetrabalhoinfantil.trabalho.gov.br.<\/p>\n<p>&nbsp;<\/p>\n<p>Fonte: Ag\u00eancia R\u00e1dio Gov<\/p>\n<\/div>\n<\/div>\n","protected":false},"excerpt":{"rendered":"<p>Minist\u00e9rio do Trabalho e Emprego (MTE) intensificou fiscaliza\u00e7\u00f5es e afastou menores das piores formas de explora\u00e7\u00e3o no pa\u00eds. O governo federal, por meio do Minist\u00e9rio do Trabalho e Emprego (MTE), retirou quase 6.400 crian\u00e7as e adolescentes do trabalho infantil entre 2023 e abril de 2025. Segundo o MTE, a a\u00e7\u00e3o priorizou as piores formas de [&hellip;]<\/p>\n","protected":false},"author":1,"featured_media":137299,"comment_status":"closed","ping_status":"closed","sticky":false,"template":"","format":"standard","meta":[],"categories":[478,212],"tags":[],"_links":{"self":[{"href":"https:\/\/blitzconquista.com.br\/index.php?rest_route=\/wp\/v2\/posts\/137297"}],"collection":[{"href":"https:\/\/blitzconquista.com.br\/index.php?rest_route=\/wp\/v2\/posts"}],"about":[{"href":"https:\/\/blitzconquista.com.br\/index.php?rest_route=\/wp\/v2\/types\/post"}],"author":[{"embeddable":true,"href":"https:\/\/blitzconquista.com.br\/index.php?rest_route=\/wp\/v2\/users\/1"}],"replies":[{"embeddable":true,"href":"https:\/\/blitzconquista.com.br\/index.php?rest_route=%2Fwp%2Fv2%2Fcomments&post=137297"}],"version-history":[{"count":1,"href":"https:\/\/blitzconquista.com.br\/index.php?rest_route=\/wp\/v2\/posts\/137297\/revisions"}],"predecessor-version":[{"id":137300,"href":"https:\/\/blitzconquista.com.br\/index.php?rest_route=\/wp\/v2\/posts\/137297\/revisions\/137300"}],"wp:featuredmedia":[{"embeddable":true,"href":"https:\/\/blitzconquista.com.br\/index.php?rest_route=\/wp\/v2\/media\/137299"}],"wp:attachment":[{"href":"https:\/\/blitzconquista.com.br\/index.php?rest_route=%2Fwp%2Fv2%2Fmedia&parent=137297"}],"wp:term":[{"taxonomy":"category","embeddable":true,"href":"https:\/\/blitzconquista.com.br\/index.php?rest_route=%2Fwp%2Fv2%2Fcategories&post=137297"},{"taxonomy":"post_tag","embeddable":true,"href":"https:\/\/blitzconquista.com.br\/index.php?rest_route=%2Fwp%2Fv2%2Ftags&post=137297"}],"curies":[{"name":"wp","href":"https:\/\/api.w.org\/{rel}","templated":true}]}}