{"id":138357,"date":"2025-08-30T01:18:24","date_gmt":"2025-08-30T04:18:24","guid":{"rendered":"https:\/\/blitzconquista.com.br\/?p=138357"},"modified":"2025-08-30T01:18:36","modified_gmt":"2025-08-30T04:18:36","slug":"artigo-a-duplicacao-da-rio-bahia-e-uma-questao-de-sobrevivencia","status":"publish","type":"post","link":"https:\/\/blitzconquista.com.br\/?p=138357","title":{"rendered":"ARTIGO \u2013 A DUPLICA\u00c7\u00c3O DA RIO-BAHIA \u00c9 UMA QUEST\u00c3O DE SOBREVIV\u00caNCIA"},"content":{"rendered":"<div class=\"entry-content\">\n<p><img decoding=\"async\" loading=\"lazy\" class=\"aligncenter size-full wp-image-20779\" src=\"https:\/\/politicaeresenha.com.br\/wp-content\/uploads\/2025\/08\/Duplica-27.png\" sizes=\"auto, (max-width: 1536px) 100vw, 1536px\" srcset=\"https:\/\/politicaeresenha.com.br\/wp-content\/uploads\/2025\/08\/Duplica-27.png 1536w, https:\/\/politicaeresenha.com.br\/wp-content\/uploads\/2025\/08\/Duplica-27-510x340.png 510w, https:\/\/politicaeresenha.com.br\/wp-content\/uploads\/2025\/08\/Duplica-27-728x485.png 728w, https:\/\/politicaeresenha.com.br\/wp-content\/uploads\/2025\/08\/Duplica-27-768x512.png 768w\" alt=\"\" width=\"1536\" height=\"1024\" \/><\/p>\n<p data-start=\"162\" data-end=\"280\"><strong data-start=\"234\" data-end=\"278\">Por JOS\u00c9 MARIA CAIRES \u2013 DUPLICA SUDOESTE<\/strong><\/p>\n<p data-start=\"282\" data-end=\"782\">A duplica\u00e7\u00e3o da BR-116, conhecida como Rio-Bahia, n\u00e3o \u00e9 apenas uma demanda regional. \u00c9 uma\u00a0<strong data-start=\"373\" data-end=\"396\">necessidade urgente<\/strong>, uma quest\u00e3o de sobreviv\u00eancia e de respeito \u00e0 vida. O trecho que corta o Sudoeste da Bahia, especialmente entre Belo Campo e Planalto, \u00e9 um corredor vital para o transporte de cargas, passageiros e para a economia do estado. Mas \u00e9 tamb\u00e9m um\u00a0<strong data-start=\"638\" data-end=\"669\">cen\u00e1rio de perigo constante<\/strong>: ultrapassagens arriscadas, caminh\u00f5es pesados em fila, acidentes fatais e preju\u00edzos que poderiam ser evitados.<\/p>\n<p data-start=\"784\" data-end=\"1120\">Quando o governo federal concedeu a rodovia \u00e0 ViaBahia em 2008, j\u00e1 existia a clara obriga\u00e7\u00e3o de modernizar e ampliar a BR-116. Os anos passaram, os compromissos n\u00e3o foram cumpridos, e hoje assistimos a uma triste realidade:\u00a0<strong data-start=\"1008\" data-end=\"1085\">uma das rodovias mais movimentadas do Brasil continua obsoleta e perigosa<\/strong>. N\u00e3o h\u00e1 mais tempo para esperar.<\/p>\n<p data-start=\"1122\" data-end=\"1727\">Em 12 de junho de 2023, estivemos em Bras\u00edlia, no gabinete do ministro Rui Costa, para tratar diretamente deste tema. Levamos uma proposta objetiva e vi\u00e1vel:\u00a0<strong data-start=\"1280\" data-end=\"1391\">transformar os acostamentos em segunda faixa nos 80 km mais cr\u00edticos do trecho, entre Belo Campo e Planalto<\/strong>. Essa medida emergencial foi bem recebida pelo assessor Marcus Cavalcanti, que reconheceu sua viabilidade t\u00e9cnica. O custo estimado? Cerca de\u00a0<strong data-start=\"1534\" data-end=\"1552\">R$ 160 milh\u00f5es<\/strong>, com base em comparativos recentes de obras no estado, como o asfalto de Caetanos (cerca de R$ 1 milh\u00e3o por km) e a pavimenta\u00e7\u00e3o Pradoso\u2013Bate-P\u00e9 (R$ 25 milh\u00f5es para 22 km).<\/p>\n<p data-start=\"1729\" data-end=\"2160\">Para quem acha que isso \u00e9 imposs\u00edvel, basta olhar para o que foi feito em outras regi\u00f5es do pa\u00eds. Recentemente, viajei de Bento Gon\u00e7alves at\u00e9 Porto Alegre e pude constatar que l\u00e1\u00a0<strong data-start=\"1908\" data-end=\"1961\">transformaram acostamentos em pistas de rolamento<\/strong>, aumentando a fluidez, a seguran\u00e7a e a capacidade da via, sem desperdi\u00e7ar investimentos futuros. Cada centavo aplicado nesse tipo de interven\u00e7\u00e3o ser\u00e1 aproveitado quando vier a duplica\u00e7\u00e3o completa.<\/p>\n<p data-start=\"2162\" data-end=\"2558\">\u00c9 hora de agir com\u00a0<strong data-start=\"2181\" data-end=\"2216\">pragmatismo e senso de urg\u00eancia<\/strong>. O trecho Belo Campo\u2013Planalto \u00e9 um gargalo que trava a economia, exp\u00f5e vidas ao risco e compromete a log\u00edstica de todo o estado. Enquanto investimentos significativos s\u00e3o realizados em regi\u00f5es como Feira de Santana e Itabuna\/Ilh\u00e9us, o Sudoeste baiano continua \u00e0 espera de uma solu\u00e7\u00e3o que j\u00e1 deveria ter sido entregue h\u00e1 mais de uma d\u00e9cada.<\/p>\n<p data-start=\"2560\" data-end=\"2810\">N\u00e3o podemos mais tolerar promessas vazias ou discursos protelat\u00f3rios. \u00c9 dever do governo federal e do ministro Rui Costa corrigir essa falha hist\u00f3rica.\u00a0<strong data-start=\"2712\" data-end=\"2808\">A duplica\u00e7\u00e3o da Rio-Bahia, mesmo que de forma emergencial, \u00e9 poss\u00edvel, necess\u00e1ria e urgente.<\/strong><\/p>\n<p data-start=\"2812\" data-end=\"3031\">O movimento\u00a0<strong data-start=\"2824\" data-end=\"2844\">Duplica Sudoeste<\/strong>\u00a0continuar\u00e1 firme, cobrando, apresentando solu\u00e7\u00f5es e defendendo a vida de quem transita por essa rodovia. Cada dia de atraso custa caro demais. \u00c9 hora de transformar o discurso em obra.<\/p>\n<p data-start=\"3033\" data-end=\"3053\"><strong data-start=\"3033\" data-end=\"3051\">Duplica\u00e7\u00e3o j\u00e1!<\/strong><\/p>\n<p data-start=\"3055\" data-end=\"3097\"><strong data-start=\"3055\" data-end=\"3095\">JOS\u00c9 MARIA CAIRES \u2013 DUPLICA SUDOESTE<\/strong><\/p>\n<\/div>\n","protected":false},"excerpt":{"rendered":"<p>Por JOS\u00c9 MARIA CAIRES \u2013 DUPLICA SUDOESTE A duplica\u00e7\u00e3o da BR-116, conhecida como Rio-Bahia, n\u00e3o \u00e9 apenas uma demanda regional. \u00c9 uma\u00a0necessidade urgente, uma quest\u00e3o de sobreviv\u00eancia e de respeito \u00e0 vida. O trecho que corta o Sudoeste da Bahia, especialmente entre Belo Campo e Planalto, \u00e9 um corredor vital para o transporte de cargas, [&hellip;]<\/p>\n","protected":false},"author":1,"featured_media":138360,"comment_status":"closed","ping_status":"closed","sticky":false,"template":"","format":"standard","meta":[],"categories":[212,29],"tags":[],"_links":{"self":[{"href":"https:\/\/blitzconquista.com.br\/index.php?rest_route=\/wp\/v2\/posts\/138357"}],"collection":[{"href":"https:\/\/blitzconquista.com.br\/index.php?rest_route=\/wp\/v2\/posts"}],"about":[{"href":"https:\/\/blitzconquista.com.br\/index.php?rest_route=\/wp\/v2\/types\/post"}],"author":[{"embeddable":true,"href":"https:\/\/blitzconquista.com.br\/index.php?rest_route=\/wp\/v2\/users\/1"}],"replies":[{"embeddable":true,"href":"https:\/\/blitzconquista.com.br\/index.php?rest_route=%2Fwp%2Fv2%2Fcomments&post=138357"}],"version-history":[{"count":1,"href":"https:\/\/blitzconquista.com.br\/index.php?rest_route=\/wp\/v2\/posts\/138357\/revisions"}],"predecessor-version":[{"id":138361,"href":"https:\/\/blitzconquista.com.br\/index.php?rest_route=\/wp\/v2\/posts\/138357\/revisions\/138361"}],"wp:featuredmedia":[{"embeddable":true,"href":"https:\/\/blitzconquista.com.br\/index.php?rest_route=\/wp\/v2\/media\/138360"}],"wp:attachment":[{"href":"https:\/\/blitzconquista.com.br\/index.php?rest_route=%2Fwp%2Fv2%2Fmedia&parent=138357"}],"wp:term":[{"taxonomy":"category","embeddable":true,"href":"https:\/\/blitzconquista.com.br\/index.php?rest_route=%2Fwp%2Fv2%2Fcategories&post=138357"},{"taxonomy":"post_tag","embeddable":true,"href":"https:\/\/blitzconquista.com.br\/index.php?rest_route=%2Fwp%2Fv2%2Ftags&post=138357"}],"curies":[{"name":"wp","href":"https:\/\/api.w.org\/{rel}","templated":true}]}}