{"id":138377,"date":"2025-09-02T10:54:17","date_gmt":"2025-09-02T13:54:17","guid":{"rendered":"https:\/\/blitzconquista.com.br\/?p=138377"},"modified":"2025-09-02T10:54:17","modified_gmt":"2025-09-02T13:54:17","slug":"mais-quatro-homens-sao-presos-por-envolvimento-no-homicidio-de-david-marley-em-itambe-seis-ja-foram-capturados","status":"publish","type":"post","link":"https:\/\/blitzconquista.com.br\/?p=138377","title":{"rendered":"Mais quatro homens s\u00e3o presos por envolvimento no homic\u00eddio de David Marley em Itamb\u00e9; seis j\u00e1 foram capturados"},"content":{"rendered":"<div id=\"block-bagov-base-titulodapagina\" class=\"block block-core block-page-title-block\">\n<h3 class=\"field--name-title field--name-subtitle\" style=\"text-align: center;\">Com um dos suspeitos, foi apreendida uma submetralhadora<\/h3>\n<\/div>\n<div id=\"block-bagov-base-bettersocialsharingbuttons\" class=\"block block-better-social-sharing-buttons block-social-sharing-buttons-block\">\n<div class=\"social-sharing-buttons\"><img decoding=\"async\" loading=\"lazy\" class=\"aligncenter size-large wp-image-138380\" src=\"http:\/\/blitzconquista.com.br\/wp-content\/uploads\/2025\/09\/WhatsApp-Image-2025-09-02-at-10.23.34_0-367x653.jpeg\" alt=\"\" width=\"367\" height=\"653\" srcset=\"https:\/\/blitzconquista.com.br\/wp-content\/uploads\/2025\/09\/WhatsApp-Image-2025-09-02-at-10.23.34_0-367x653.jpeg 367w, https:\/\/blitzconquista.com.br\/wp-content\/uploads\/2025\/09\/WhatsApp-Image-2025-09-02-at-10.23.34_0-169x300.jpeg 169w, https:\/\/blitzconquista.com.br\/wp-content\/uploads\/2025\/09\/WhatsApp-Image-2025-09-02-at-10.23.34_0.jpeg 720w\" sizes=\"(max-width: 367px) 100vw, 367px\" \/><\/div>\n<\/div>\n<article class=\"node node--type-noticia node--view-mode-full\" data-history-node-id=\"22362\">\n<div class=\"node__content\">\n<div class=\"clearfix text-formatted field field--name-body field--type-text-with-summary field--label-hidden field__item\">\n<p>A Pol\u00edcia Civil cumpriu, nesta ter\u00e7a-feira (2), quatro mandados de pris\u00e3o preventiva e cinco de busca e apreens\u00e3o durante as investiga\u00e7\u00f5es do homic\u00eddio de David Marley Souza Alves, ocorrido em 22 de agosto, \u00e0s margens do Rio Verruga, em Itamb\u00e9. A a\u00e7\u00e3o resultou na pris\u00e3o de quatro investigados e na apreens\u00e3o de uma submetralhadora.<\/p>\n<p>Um adolescente de 17 anos j\u00e1 havia sido apreendido em flagrante no dia do crime, confessando a participa\u00e7\u00e3o junto com um comparsa de 23 anos, preso em 25 de agosto em uma pousada na cidade de Itacar\u00e9. As apura\u00e7\u00f5es tamb\u00e9m identificaram o mandante e outros suspeitos.<\/p>\n<p>O mandante foi localizado em Vit\u00f3ria da Conquista por equipes do Grupo de Apoio T\u00e9cnico e T\u00e1tico \u00e0 Investiga\u00e7\u00e3o (GATTI) Sudoeste. J\u00e1 em Itamb\u00e9, dois investigados<br \/>\nforam presos pela Delegacia Territorial, sendo encontrada com um deles a submetralhadora.<\/p>\n<p>As pris\u00f5es refor\u00e7am o andamento das investiga\u00e7\u00f5es, que seguem em busca de mais um foragido. Oitivas e dilig\u00eancias continuam para esclarecer e judicializar todos os envolvidos.\n<\/p><\/div>\n<div class=\"field field--name-field-fonte-noticia field--type-string field--label-above\">\n<div class=\"field__label\">Fonte:\u00a0Pedro Moraes \/ Ascom-PCBA<\/div>\n<\/div>\n<\/div>\n<\/article>\n","protected":false},"excerpt":{"rendered":"<p>Com um dos suspeitos, foi apreendida uma submetralhadora A Pol\u00edcia Civil cumpriu, nesta ter\u00e7a-feira (2), quatro mandados de pris\u00e3o preventiva e cinco de busca e apreens\u00e3o durante as investiga\u00e7\u00f5es do homic\u00eddio de David Marley Souza Alves, ocorrido em 22 de agosto, \u00e0s margens do Rio Verruga, em Itamb\u00e9. A a\u00e7\u00e3o resultou na pris\u00e3o de quatro [&hellip;]<\/p>\n","protected":false},"author":1,"featured_media":138380,"comment_status":"closed","ping_status":"closed","sticky":false,"template":"","format":"standard","meta":[],"categories":[1,212,3],"tags":[],"_links":{"self":[{"href":"https:\/\/blitzconquista.com.br\/index.php?rest_route=\/wp\/v2\/posts\/138377"}],"collection":[{"href":"https:\/\/blitzconquista.com.br\/index.php?rest_route=\/wp\/v2\/posts"}],"about":[{"href":"https:\/\/blitzconquista.com.br\/index.php?rest_route=\/wp\/v2\/types\/post"}],"author":[{"embeddable":true,"href":"https:\/\/blitzconquista.com.br\/index.php?rest_route=\/wp\/v2\/users\/1"}],"replies":[{"embeddable":true,"href":"https:\/\/blitzconquista.com.br\/index.php?rest_route=%2Fwp%2Fv2%2Fcomments&post=138377"}],"version-history":[{"count":2,"href":"https:\/\/blitzconquista.com.br\/index.php?rest_route=\/wp\/v2\/posts\/138377\/revisions"}],"predecessor-version":[{"id":138381,"href":"https:\/\/blitzconquista.com.br\/index.php?rest_route=\/wp\/v2\/posts\/138377\/revisions\/138381"}],"wp:featuredmedia":[{"embeddable":true,"href":"https:\/\/blitzconquista.com.br\/index.php?rest_route=\/wp\/v2\/media\/138380"}],"wp:attachment":[{"href":"https:\/\/blitzconquista.com.br\/index.php?rest_route=%2Fwp%2Fv2%2Fmedia&parent=138377"}],"wp:term":[{"taxonomy":"category","embeddable":true,"href":"https:\/\/blitzconquista.com.br\/index.php?rest_route=%2Fwp%2Fv2%2Fcategories&post=138377"},{"taxonomy":"post_tag","embeddable":true,"href":"https:\/\/blitzconquista.com.br\/index.php?rest_route=%2Fwp%2Fv2%2Ftags&post=138377"}],"curies":[{"name":"wp","href":"https:\/\/api.w.org\/{rel}","templated":true}]}}