{"id":138874,"date":"2025-09-22T10:00:45","date_gmt":"2025-09-22T13:00:45","guid":{"rendered":"https:\/\/blitzconquista.com.br\/?p=138874"},"modified":"2025-09-22T10:00:45","modified_gmt":"2025-09-22T13:00:45","slug":"previsao-do-tempo-segunda-feira-22-com-poucas-nuvens-em-grande-parte-do-nordeste","status":"publish","type":"post","link":"https:\/\/blitzconquista.com.br\/?p=138874","title":{"rendered":"PREVIS\u00c3O DO TEMPO: segunda-feira (22) com poucas nuvens em grande parte do Nordeste"},"content":{"rendered":"<h3 class=\"notice-regular__summary\" style=\"text-align: center;\">Entre as capitais, a temperatura m\u00ednima prevista \u00e9 de 21\u00b0C, em Salvador e Macei\u00f3. J\u00e1 a m\u00e1xima pode alcan\u00e7ar os 39\u00b0C, em Teresina. A umidade relativa do ar varia entre 20% e 100%.<\/h3>\n<figure id=\"attachment_118763\" aria-describedby=\"caption-attachment-118763\" style=\"width: 500px\" class=\"wp-caption aligncenter\"><img decoding=\"async\" loading=\"lazy\" class=\"wp-image-118763 size-full\" src=\"http:\/\/blitzconquista.com.br\/wp-content\/uploads\/2022\/08\/Nordeste-Tempo-e-Temperatura.png\" alt=\"\" width=\"500\" height=\"320\" \/><figcaption id=\"caption-attachment-118763\" class=\"wp-caption-text\">Imagem: Brasil 61<\/figcaption><\/figure>\n<div id=\"js-text-clipboard\" class=\"notice-content__show js-notice-expand js-permit-copy auto-height\">\n<p>A<strong> previs\u00e3o do tempo para esta segunda-feira (22) na regi\u00e3o\u00a0Nordeste<\/strong> \u00e9 de predom\u00ednio de poucas nuvens no interior do\u00a0<strong>Maranh\u00e3o, Piau\u00ed, Cear\u00e1, Rio Grande do Norte, Para\u00edba, Pernambuco, Alagoas, Sergipe e Bahia<\/strong>.<\/p>\n<p>A faixa litor\u00e2nea, segue com muitas nuvens do <strong>Rio Grande do Norte<\/strong> ao <strong>sul da Bahia<\/strong>. Chuvas isoladas s\u00e3o esperadas no litoral do leste e sul da <strong>Bahia\u00a0<\/strong>e em trechos entre <strong>Sergipe <\/strong>e <strong>Alagoas<\/strong>. O mesmo acontece no litoral entre <strong>Natal <\/strong>e <strong>Jo\u00e3o Pessoa<\/strong>.<\/p>\n<p>Entre as capitais, a temperatura m\u00ednima prevista \u00e9 de 21\u00b0C, em <strong>Salvador e Macei\u00f3.\u00a0<\/strong>J\u00e1 a m\u00e1xima pode alcan\u00e7ar os 39\u00b0C, em <strong>Teresina<\/strong>. A umidade relativa do ar varia entre 20% e 100%.<\/p>\n<h2>5 Motivos para saber das previs\u00f5es do tempo<\/h2>\n<ul>\n<li>Agricultura: garantia de uma boa colheita;<\/li>\n<li>Marinha: prote\u00e7\u00e3o dos marinheiros, dos navios e dos passageiros;<\/li>\n<li>Aeron\u00e1utica: prote\u00e7\u00e3o e seguran\u00e7a dos pilotos, das aeronaves e dos passageiros;<\/li>\n<li>Pesca: condi\u00e7\u00f5es favor\u00e1veis e seguras \u00e0 pesca; e<\/li>\n<li>Turismo: garantia de um passeio e de uma viagem feliz e tranquila.<\/li>\n<\/ul>\n<h2>Import\u00e2ncia das observa\u00e7\u00f5es meteorol\u00f3gicas no INMET<\/h2>\n<p>As observa\u00e7\u00f5es meteorol\u00f3gicas do INMET s\u00e3o essenciais para previs\u00f5es em tempo real, estat\u00edsticas clim\u00e1ticas e coopera\u00e7\u00e3o internacional. Esses dados precisos ajudam a estudar o clima passado e a produzir Normais Climatol\u00f3gicas conforme a Organiza\u00e7\u00e3o Meteorol\u00f3gica Mundial (<a href=\"https:\/\/worldweather.wmo.int\/pt\/home.html\" target=\"_blank\" rel=\"noopener\">OMM<\/a>).<\/p>\n<p>As informa\u00e7\u00f5es s\u00e3o do Instituto Nacional de Meteorologia (<a href=\"https:\/\/portal.inmet.gov.br\/\" target=\"_blank\" rel=\"noopener\">Inmet<\/a>).<\/p>\n<p>&nbsp;<\/p>\n<p>&nbsp;<\/p>\n<\/div>\n","protected":false},"excerpt":{"rendered":"<p>Entre as capitais, a temperatura m\u00ednima prevista \u00e9 de 21\u00b0C, em Salvador e Macei\u00f3. J\u00e1 a m\u00e1xima pode alcan\u00e7ar os 39\u00b0C, em Teresina. A umidade relativa do ar varia entre 20% e 100%. A previs\u00e3o do tempo para esta segunda-feira (22) na regi\u00e3o\u00a0Nordeste \u00e9 de predom\u00ednio de poucas nuvens no interior do\u00a0Maranh\u00e3o, Piau\u00ed, Cear\u00e1, Rio [&hellip;]<\/p>\n","protected":false},"author":1,"featured_media":118763,"comment_status":"closed","ping_status":"closed","sticky":false,"template":"","format":"standard","meta":[],"categories":[1],"tags":[],"_links":{"self":[{"href":"https:\/\/blitzconquista.com.br\/index.php?rest_route=\/wp\/v2\/posts\/138874"}],"collection":[{"href":"https:\/\/blitzconquista.com.br\/index.php?rest_route=\/wp\/v2\/posts"}],"about":[{"href":"https:\/\/blitzconquista.com.br\/index.php?rest_route=\/wp\/v2\/types\/post"}],"author":[{"embeddable":true,"href":"https:\/\/blitzconquista.com.br\/index.php?rest_route=\/wp\/v2\/users\/1"}],"replies":[{"embeddable":true,"href":"https:\/\/blitzconquista.com.br\/index.php?rest_route=%2Fwp%2Fv2%2Fcomments&post=138874"}],"version-history":[{"count":1,"href":"https:\/\/blitzconquista.com.br\/index.php?rest_route=\/wp\/v2\/posts\/138874\/revisions"}],"predecessor-version":[{"id":138876,"href":"https:\/\/blitzconquista.com.br\/index.php?rest_route=\/wp\/v2\/posts\/138874\/revisions\/138876"}],"wp:featuredmedia":[{"embeddable":true,"href":"https:\/\/blitzconquista.com.br\/index.php?rest_route=\/wp\/v2\/media\/118763"}],"wp:attachment":[{"href":"https:\/\/blitzconquista.com.br\/index.php?rest_route=%2Fwp%2Fv2%2Fmedia&parent=138874"}],"wp:term":[{"taxonomy":"category","embeddable":true,"href":"https:\/\/blitzconquista.com.br\/index.php?rest_route=%2Fwp%2Fv2%2Fcategories&post=138874"},{"taxonomy":"post_tag","embeddable":true,"href":"https:\/\/blitzconquista.com.br\/index.php?rest_route=%2Fwp%2Fv2%2Ftags&post=138874"}],"curies":[{"name":"wp","href":"https:\/\/api.w.org\/{rel}","templated":true}]}}