{"id":138881,"date":"2025-09-22T10:39:50","date_gmt":"2025-09-22T13:39:50","guid":{"rendered":"https:\/\/blitzconquista.com.br\/?p=138881"},"modified":"2025-09-22T10:39:50","modified_gmt":"2025-09-22T13:39:50","slug":"cheiro-forte-no-corpo-causas-comuns-e-quando-procurar-um-medico","status":"publish","type":"post","link":"https:\/\/blitzconquista.com.br\/?p=138881","title":{"rendered":"Cheiro forte no corpo: causas comuns e quando procurar um m\u00e9dico"},"content":{"rendered":"<h3 class=\"notices-list__blog-card__summary\" style=\"text-align: center;\">Dra. Vivian Loureiro explica os odores que exigem aten\u00e7\u00e3o m\u00e9dica.<\/h3>\n<div id=\"js-text-clipboard\" class=\"notice-content__show js-notice-expand js-permit-copy auto-height\">\n<p><strong>Mudan\u00e7as no odor corporal podem indicar problemas de sa\u00fade que merecem aten\u00e7\u00e3o<\/strong>. Segundo a Dra. Vivian Loureiro, Dermatologista (CRM: 135.250\/SP | RQE: 40.094), \u201cem condi\u00e7\u00f5es normais, o cheiro da pele \u00e9 sutil, mas altera\u00e7\u00f5es podem ser sinal de doen\u00e7as\u201d.<\/p>\n<p>Odor adocicado pode ocorrer em diab\u00e9ticos descompensados. Cheiro de am\u00f4nia est\u00e1 associado \u00e0 insufici\u00eancia renal. Odor de mofo pode sugerir fenilceton\u00faria, uma condi\u00e7\u00e3o gen\u00e9tica rara. J\u00e1 a bromidose, o famoso \u201cCC\u201d, \u00e9 causada pela a\u00e7\u00e3o de bact\u00e9rias no suor. H\u00e1 ainda a trimetilamin\u00faria, uma doen\u00e7a metab\u00f3lica que deixa o corpo com odor de peixe. Infec\u00e7\u00f5es na pele tamb\u00e9m podem gerar cheiro forte, geralmente com dor, vermelhid\u00e3o e pus.<\/p>\n<p><strong>Se voc\u00ea notar qualquer mudan\u00e7a persistente no cheiro do seu corpo, procure um m\u00e9dico. Pode ser o primeiro sinal de alerta.<\/strong><\/p>\n<h2>Veja ao v\u00eddeo com a explica\u00e7\u00e3o do especialista:<\/h2>\n<p><iframe title=\"YouTube video player\" src=\"https:\/\/www.youtube.com\/embed\/eB2jd6jys_w\" frameborder=\"0\" allowfullscreen=\"allowfullscreen\" data-mce-fragment=\"1\"><\/iframe><\/p>\n<p>Tenha acesso aos conte\u00fados do Doutor Ajuda acessando o <a href=\"http:\/\/www.portaldoutorajuda.com.br\" target=\"_blank\" rel=\"noopener\">site<\/a>.<\/p>\n<\/div>\n","protected":false},"excerpt":{"rendered":"<p>Dra. Vivian Loureiro explica os odores que exigem aten\u00e7\u00e3o m\u00e9dica. Mudan\u00e7as no odor corporal podem indicar problemas de sa\u00fade que merecem aten\u00e7\u00e3o. Segundo a Dra. Vivian Loureiro, Dermatologista (CRM: 135.250\/SP | RQE: 40.094), \u201cem condi\u00e7\u00f5es normais, o cheiro da pele \u00e9 sutil, mas altera\u00e7\u00f5es podem ser sinal de doen\u00e7as\u201d. Odor adocicado pode ocorrer em diab\u00e9ticos [&hellip;]<\/p>\n","protected":false},"author":1,"featured_media":138883,"comment_status":"closed","ping_status":"closed","sticky":false,"template":"","format":"standard","meta":[],"categories":[30],"tags":[],"_links":{"self":[{"href":"https:\/\/blitzconquista.com.br\/index.php?rest_route=\/wp\/v2\/posts\/138881"}],"collection":[{"href":"https:\/\/blitzconquista.com.br\/index.php?rest_route=\/wp\/v2\/posts"}],"about":[{"href":"https:\/\/blitzconquista.com.br\/index.php?rest_route=\/wp\/v2\/types\/post"}],"author":[{"embeddable":true,"href":"https:\/\/blitzconquista.com.br\/index.php?rest_route=\/wp\/v2\/users\/1"}],"replies":[{"embeddable":true,"href":"https:\/\/blitzconquista.com.br\/index.php?rest_route=%2Fwp%2Fv2%2Fcomments&post=138881"}],"version-history":[{"count":1,"href":"https:\/\/blitzconquista.com.br\/index.php?rest_route=\/wp\/v2\/posts\/138881\/revisions"}],"predecessor-version":[{"id":138884,"href":"https:\/\/blitzconquista.com.br\/index.php?rest_route=\/wp\/v2\/posts\/138881\/revisions\/138884"}],"wp:featuredmedia":[{"embeddable":true,"href":"https:\/\/blitzconquista.com.br\/index.php?rest_route=\/wp\/v2\/media\/138883"}],"wp:attachment":[{"href":"https:\/\/blitzconquista.com.br\/index.php?rest_route=%2Fwp%2Fv2%2Fmedia&parent=138881"}],"wp:term":[{"taxonomy":"category","embeddable":true,"href":"https:\/\/blitzconquista.com.br\/index.php?rest_route=%2Fwp%2Fv2%2Fcategories&post=138881"},{"taxonomy":"post_tag","embeddable":true,"href":"https:\/\/blitzconquista.com.br\/index.php?rest_route=%2Fwp%2Fv2%2Ftags&post=138881"}],"curies":[{"name":"wp","href":"https:\/\/api.w.org\/{rel}","templated":true}]}}