{"id":138971,"date":"2025-09-24T03:06:24","date_gmt":"2025-09-24T06:06:24","guid":{"rendered":"https:\/\/blitzconquista.com.br\/?p=138971"},"modified":"2025-09-24T03:06:24","modified_gmt":"2025-09-24T06:06:24","slug":"catia-guimma-homenageia-elis-regina-em-show-exclusivo-uma-noite-de-mpb-e-emocao","status":"publish","type":"post","link":"https:\/\/blitzconquista.com.br\/?p=138971","title":{"rendered":"\u201cC\u00e1tia Guimma Homenageia Elis Regina em Show Exclusivo: Uma Noite de MPB e Emo\u00e7\u00e3o\u201d"},"content":{"rendered":"<p><img decoding=\"async\" loading=\"lazy\" class=\"aligncenter size-large wp-image-138973\" src=\"http:\/\/blitzconquista.com.br\/wp-content\/uploads\/2025\/09\/Imagem-do-WhatsApp-de-2025-09-23-as-19.49.02_617f2566-524x653.jpg\" alt=\"\" width=\"524\" height=\"653\" srcset=\"https:\/\/blitzconquista.com.br\/wp-content\/uploads\/2025\/09\/Imagem-do-WhatsApp-de-2025-09-23-as-19.49.02_617f2566-524x653.jpg 524w, https:\/\/blitzconquista.com.br\/wp-content\/uploads\/2025\/09\/Imagem-do-WhatsApp-de-2025-09-23-as-19.49.02_617f2566-241x300.jpg 241w, https:\/\/blitzconquista.com.br\/wp-content\/uploads\/2025\/09\/Imagem-do-WhatsApp-de-2025-09-23-as-19.49.02_617f2566-768x957.jpg 768w, https:\/\/blitzconquista.com.br\/wp-content\/uploads\/2025\/09\/Imagem-do-WhatsApp-de-2025-09-23-as-19.49.02_617f2566-990x1234.jpg 990w, https:\/\/blitzconquista.com.br\/wp-content\/uploads\/2025\/09\/Imagem-do-WhatsApp-de-2025-09-23-as-19.49.02_617f2566.jpg 1080w\" sizes=\"(max-width: 524px) 100vw, 524px\" \/><\/p>\n<p>Vit\u00f3ria da Conquista, 25 de outubro. A cantora baiana C\u00e1tia Guimma, reconhecida nacional e internacionalmente como uma das maiores int\u00e9rpretes do ax\u00e9 music, prepara-se para uma apresenta\u00e7\u00e3o in\u00e9dita que promete emocionar o p\u00fablico. No espet\u00e1culo \u201cC\u00e1tia canta Elis Regina: 80 anos da Pimentinha\u201d, a artista preserva seu tradicional repert\u00f3rio de ax\u00e9 para homenagear uma das vozes mais ic\u00f4nicas da m\u00fasica brasileira, Elis Regina.<\/p>\n<p>UM ESPET\u00c1CULO C\u00caNICO-MUSICAL<br \/>\nEste n\u00e3o \u00e9 apenas um show \u2014 \u00e9 um espet\u00e1culo c\u00eanico-musical cuidadosamente concebido para homenagear a grande Elis Regina. No palco, m\u00fasica, interpreta\u00e7\u00e3o e emo\u00e7\u00e3o se entrela\u00e7am com interven\u00e7\u00f5es coreogr\u00e1ficas assinadas pela renomada Escola de Ballet Itana Le\u00e3o, elevando a experi\u00eancia est\u00e9tica do p\u00fablico. A dire\u00e7\u00e3o art\u00edstica \u00e9 de Rossane Nascimento, com produ\u00e7\u00e3o executiva da Rossane Comunica\u00e7\u00e3o, dire\u00e7\u00e3o musical de Luciano PP e uma proposta visual marcante sob cenografia e figurino de Gils\u00e9rgio Botelho e Vict\u00f3ria Vieira. Um tributo que vai muito al\u00e9m da m\u00fasica: uma viv\u00eancia sens\u00edvel, art\u00edstica e inesquec\u00edvel.<\/p>\n<p>Como cantora de MPB, C\u00e1tia Guimma faz um show tem\u00e1tico, para homenagear a ic\u00f4nica Elis Regina, que completaria 80 anos em 17 de mar\u00e7o de 2025. Elis Regina \u00e9 considerada uma das maiores vozes da m\u00fasica brasileira, e um tributo a ela certamente atrairia um grande p\u00fablico apreciador da MPB.<\/p>\n<p>TRAJET\u00d3RIA DE C\u00c1TIA GUIMMA<br \/>\nNascida em Vit\u00f3ria da Conquista, Bahia, C\u00e1tia Guimma Varj\u00e3o iniciou sua carreira musical nos anos 1990 como vocalista da banda Futuca, posteriormente renomeada para Patrulha. Com sua voz potente e afinada, conquistou os palcos baianos e, em seguida, expandiu sua presen\u00e7a para todo o Brasil e exterior, com apresenta\u00e7\u00f5es memor\u00e1veis na Europa.<br \/>\nAo longo de sua carreira, C\u00e1tia sempre demonstrou uma profunda admira\u00e7\u00e3o pela m\u00fasica popular brasileira (MPB), inspirando-se em artistas como Elis Regina, Gal Costa, Maria Beth\u00e2nia e Caetano<\/p>\n<p>&nbsp;<\/p>\n<p>Veloso. Essa paix\u00e3o pela MPB sempre esteve presente em sua trajet\u00f3ria, embora tenha iniciado a carreira no ax\u00e9 music.<\/p>\n<p>UMA NOITE DE MPB<br \/>\nNeste show especial, C\u00e1tia Guimma empresta sua voz e talento para interpretar cl\u00e1ssicos do repert\u00f3rio de Elis Regina, demonstrando sua versatilidade art\u00edstica e respeito pelos grandes nomes da MPB. A apresenta\u00e7\u00e3o destaca a semelhan\u00e7a entre as vozes de C\u00e1tia e Elis, ambas marcadas por timbres \u00fanicos e expressivos.<\/p>\n<p>ELIS COM ADONIRAN<br \/>\nUma passagem significativa na rela\u00e7\u00e3o entre Elis Regina e Adoniran Barbosa \u00e9 um momento marcante do espet\u00e1culo. Cl\u00e1ssicos como \u201cTiro ao \u00c1lvaro\u201d, composta por Adoniran em parceria com Osvaldo Moles, em 1960. A m\u00fasica foi censurada pela ditadura militar em 1973 devido ao uso proposital de palavras incorretas, caracter\u00edsticas do estilo de Adoniran, somente em 1980, \u201cTiro ao \u00c1lvaro\u201d foi gravada por Elis Regina em seu \u00e1lbum \u201cElis\u201d, marcando um encontro emblem\u00e1tico entre duas expressivas figuras da m\u00fasica brasileira.<\/p>\n<p>ELIS COM TOM JOBIM<br \/>\nPara destacar a rela\u00e7\u00e3o entre Elis Regina e Tom Jobim, o espet\u00e1culo alude \u00e0 grava\u00e7\u00e3o que ocorreu em Los Angeles e que foi um presente da gravadora para Elis pelos seus dez anos de carreira. Numa performance bel\u00edssima, C\u00e1tia interpretar\u00e1 \u201c\u00c1guas de Mar\u00e7o\u201d, dentre outra do majestoso \u00e1lbum, buscando capturar a leveza e a fluidez caracter\u00edsticas da vers\u00e3o original.<br \/>\nN\u00e3o perca a oportunidade de vivenciar uma noite inesquec\u00edvel, celebrando a m\u00fasica brasileira com a talentosa C\u00e1tia Guimma!<\/p>\n","protected":false},"excerpt":{"rendered":"<p>Vit\u00f3ria da Conquista, 25 de outubro. A cantora baiana C\u00e1tia Guimma, reconhecida nacional e internacionalmente como uma das maiores int\u00e9rpretes do ax\u00e9 music, prepara-se para uma apresenta\u00e7\u00e3o in\u00e9dita que promete emocionar o p\u00fablico. No espet\u00e1culo \u201cC\u00e1tia canta Elis Regina: 80 anos da Pimentinha\u201d, a artista preserva seu tradicional repert\u00f3rio de ax\u00e9 para homenagear uma das [&hellip;]<\/p>\n","protected":false},"author":1,"featured_media":138973,"comment_status":"closed","ping_status":"closed","sticky":false,"template":"","format":"standard","meta":[],"categories":[4],"tags":[],"_links":{"self":[{"href":"https:\/\/blitzconquista.com.br\/index.php?rest_route=\/wp\/v2\/posts\/138971"}],"collection":[{"href":"https:\/\/blitzconquista.com.br\/index.php?rest_route=\/wp\/v2\/posts"}],"about":[{"href":"https:\/\/blitzconquista.com.br\/index.php?rest_route=\/wp\/v2\/types\/post"}],"author":[{"embeddable":true,"href":"https:\/\/blitzconquista.com.br\/index.php?rest_route=\/wp\/v2\/users\/1"}],"replies":[{"embeddable":true,"href":"https:\/\/blitzconquista.com.br\/index.php?rest_route=%2Fwp%2Fv2%2Fcomments&post=138971"}],"version-history":[{"count":1,"href":"https:\/\/blitzconquista.com.br\/index.php?rest_route=\/wp\/v2\/posts\/138971\/revisions"}],"predecessor-version":[{"id":138975,"href":"https:\/\/blitzconquista.com.br\/index.php?rest_route=\/wp\/v2\/posts\/138971\/revisions\/138975"}],"wp:featuredmedia":[{"embeddable":true,"href":"https:\/\/blitzconquista.com.br\/index.php?rest_route=\/wp\/v2\/media\/138973"}],"wp:attachment":[{"href":"https:\/\/blitzconquista.com.br\/index.php?rest_route=%2Fwp%2Fv2%2Fmedia&parent=138971"}],"wp:term":[{"taxonomy":"category","embeddable":true,"href":"https:\/\/blitzconquista.com.br\/index.php?rest_route=%2Fwp%2Fv2%2Fcategories&post=138971"},{"taxonomy":"post_tag","embeddable":true,"href":"https:\/\/blitzconquista.com.br\/index.php?rest_route=%2Fwp%2Fv2%2Ftags&post=138971"}],"curies":[{"name":"wp","href":"https:\/\/api.w.org\/{rel}","templated":true}]}}