{"id":139927,"date":"2025-10-23T10:09:15","date_gmt":"2025-10-23T13:09:15","guid":{"rendered":"https:\/\/blitzconquista.com.br\/?p=139927"},"modified":"2025-10-23T10:09:15","modified_gmt":"2025-10-23T13:09:15","slug":"empreendedorismo-leva-25-milhoes-do-cadunico-a-virarem-mei","status":"publish","type":"post","link":"https:\/\/blitzconquista.com.br\/?p=139927","title":{"rendered":"Empreendedorismo leva 2,5 milh\u00f5es do Cad\u00danico a virarem MEI"},"content":{"rendered":"<div class=\"header-noticia fullwidth\">\n<h3 class=\"resumo-da-noticia fullwidth\" style=\"text-align: center;\">Levantamento realizado pelo Sebrae em parceria com o Minist\u00e9rio do Desenvolvimento e Assist\u00eancia Social, Fam\u00edlia e Combate \u00e0 Fome (MDS) foi apresentado em audi\u00eancia do ministro Wellington Dias e presidente do Sebrae Nacional, D\u00e9cio Lima.<\/h3>\n<\/div>\n<div class=\"audio-noticia-container rowflex\">\n<div class=\"info-e-compartilhamento fullwidth rowflex rowflex-full\">\n<div class=\"data-publicacao rowflex\"><\/div>\n<\/div>\n<\/div>\n<div class=\"container-audiodescricao fullwidth\">\n<div class=\"row-nome-programa row-gray rowflex fullwidth\">\n<div class=\"linha\"><img decoding=\"async\" loading=\"lazy\" class=\"aligncenter  wp-image-139936\" src=\"http:\/\/blitzconquista.com.br\/wp-content\/uploads\/2025\/10\/download-1.jpeg\" alt=\"\" width=\"709\" height=\"427\" \/><\/div>\n<\/div>\n<div class=\"texto-audiodescricao\">\n<p>Mais de 2,5 milh\u00f5es de brasileiros inscritos no Cadastro \u00danico decidiram abrir o pr\u00f3prio neg\u00f3cio e se tornaram microempreendedores individuais. Os dados s\u00e3o de um levantamento feito pelo Servi\u00e7o Brasileiro de Apoio \u00e0s Micro e Pequenas Empresas &#8211; Sebrae, em parceria com o Minist\u00e9rio do Desenvolvimento e Assist\u00eancia Social, Fam\u00edlia e Combate \u00e0 Fome.<\/p>\n<p>Ao todo, 4,6 milh\u00f5es de pessoas do Cad\u00danico j\u00e1 se formalizaram como MEI, e mais de um ter\u00e7o delas recebeu algum tipo de atendimento do Sebrae. O estudo aponta que quem contou com esse apoio t\u00e9cnico tem mais chances de manter o neg\u00f3cio ativo.<\/p>\n<p>A maior parte dos microempreendedores est\u00e1 no setor de servi\u00e7os, seguida pelo com\u00e9rcio e pela ind\u00fastria. Segundo o governo federal, a parceria entre o Minist\u00e9rio e o Sebrae busca fortalecer a inclus\u00e3o produtiva e criar oportunidades de renda para fam\u00edlias em situa\u00e7\u00e3o de vulnerabilidade.<\/p>\n<p>Confira detalhes do levantamento em gov.br\/mds<\/p>\n<p>&nbsp;<\/p>\n<p>Fonte: Ag\u00eancia R\u00e1dio Gov<\/p>\n<\/div>\n<\/div>\n","protected":false},"excerpt":{"rendered":"<p>Levantamento realizado pelo Sebrae em parceria com o Minist\u00e9rio do Desenvolvimento e Assist\u00eancia Social, Fam\u00edlia e Combate \u00e0 Fome (MDS) foi apresentado em audi\u00eancia do ministro Wellington Dias e presidente do Sebrae Nacional, D\u00e9cio Lima. Mais de 2,5 milh\u00f5es de brasileiros inscritos no Cadastro \u00danico decidiram abrir o pr\u00f3prio neg\u00f3cio e se tornaram microempreendedores individuais. [&hellip;]<\/p>\n","protected":false},"author":1,"featured_media":139936,"comment_status":"closed","ping_status":"closed","sticky":false,"template":"","format":"standard","meta":[],"categories":[1,478],"tags":[],"_links":{"self":[{"href":"https:\/\/blitzconquista.com.br\/index.php?rest_route=\/wp\/v2\/posts\/139927"}],"collection":[{"href":"https:\/\/blitzconquista.com.br\/index.php?rest_route=\/wp\/v2\/posts"}],"about":[{"href":"https:\/\/blitzconquista.com.br\/index.php?rest_route=\/wp\/v2\/types\/post"}],"author":[{"embeddable":true,"href":"https:\/\/blitzconquista.com.br\/index.php?rest_route=\/wp\/v2\/users\/1"}],"replies":[{"embeddable":true,"href":"https:\/\/blitzconquista.com.br\/index.php?rest_route=%2Fwp%2Fv2%2Fcomments&post=139927"}],"version-history":[{"count":2,"href":"https:\/\/blitzconquista.com.br\/index.php?rest_route=\/wp\/v2\/posts\/139927\/revisions"}],"predecessor-version":[{"id":139937,"href":"https:\/\/blitzconquista.com.br\/index.php?rest_route=\/wp\/v2\/posts\/139927\/revisions\/139937"}],"wp:featuredmedia":[{"embeddable":true,"href":"https:\/\/blitzconquista.com.br\/index.php?rest_route=\/wp\/v2\/media\/139936"}],"wp:attachment":[{"href":"https:\/\/blitzconquista.com.br\/index.php?rest_route=%2Fwp%2Fv2%2Fmedia&parent=139927"}],"wp:term":[{"taxonomy":"category","embeddable":true,"href":"https:\/\/blitzconquista.com.br\/index.php?rest_route=%2Fwp%2Fv2%2Fcategories&post=139927"},{"taxonomy":"post_tag","embeddable":true,"href":"https:\/\/blitzconquista.com.br\/index.php?rest_route=%2Fwp%2Fv2%2Ftags&post=139927"}],"curies":[{"name":"wp","href":"https:\/\/api.w.org\/{rel}","templated":true}]}}