{"id":140022,"date":"2025-10-24T10:11:16","date_gmt":"2025-10-24T13:11:16","guid":{"rendered":"https:\/\/blitzconquista.com.br\/?p=140022"},"modified":"2025-10-24T10:11:16","modified_gmt":"2025-10-24T13:11:16","slug":"ciprv-brumado-apreende-veiculo-com-restricao-de-circulacao-4","status":"publish","type":"post","link":"https:\/\/blitzconquista.com.br\/?p=140022","title":{"rendered":"CIPRv\/BRUMADO apreende ve\u00edculo com Restri\u00e7\u00e3o de Circula\u00e7\u00e3o."},"content":{"rendered":"<p><span class=\"_ap3a _aaco _aacu _aacx _aad7 _aade\" dir=\"auto\"><img decoding=\"async\" loading=\"lazy\" class=\"aligncenter size-full wp-image-140024\" src=\"http:\/\/blitzconquista.com.br\/wp-content\/uploads\/2025\/10\/Screenshot-2025-10-24-at-10-09-55-Instagram.png\" alt=\"\" width=\"468\" height=\"586\" srcset=\"https:\/\/blitzconquista.com.br\/wp-content\/uploads\/2025\/10\/Screenshot-2025-10-24-at-10-09-55-Instagram.png 468w, https:\/\/blitzconquista.com.br\/wp-content\/uploads\/2025\/10\/Screenshot-2025-10-24-at-10-09-55-Instagram-240x300.png 240w\" sizes=\"(max-width: 468px) 100vw, 468px\" \/><\/p>\n<p>Na tarde de Quinta &#8211; Feira (23\/10), \u00e0s 17h20min, policiais militares da Companhia Independente de Pol\u00edcia Rodovi\u00e1ria (CIPRv\/BRUMADO), guarni\u00e7\u00e3o do Coordenador de \u00c1rea, apreenderam um veiculo no Munic\u00edpio de Vit\u00f3ria da Conquista &#8211; BA.<\/p>\n<p>Na fiscaliza\u00e7\u00e3o, a guarni\u00e7\u00e3o constatou que o ve\u00edculo possu\u00eda restri\u00e7\u00e3o Administrativa pelo munic\u00edpio de Vit\u00f3ria da Conquista &#8211; BA, al\u00e9m de registro de apropria\u00e7\u00e3o ind\u00e9bita. Em seguida, o ve\u00edculo e o condutor foram conduzidos para o DISEP de Vit\u00f3ria da Conquista &#8211; BA para ado\u00e7\u00e3o das medidas legais cab\u00edveis.<\/p>\n<p>FONTE: Ascom &#8211; CIPRv\/BRUMADO<\/span><\/p>\n","protected":false},"excerpt":{"rendered":"<p>Na tarde de Quinta &#8211; Feira (23\/10), \u00e0s 17h20min, policiais militares da Companhia Independente de Pol\u00edcia Rodovi\u00e1ria (CIPRv\/BRUMADO), guarni\u00e7\u00e3o do Coordenador de \u00c1rea, apreenderam um veiculo no Munic\u00edpio de Vit\u00f3ria da Conquista &#8211; BA. Na fiscaliza\u00e7\u00e3o, a guarni\u00e7\u00e3o constatou que o ve\u00edculo possu\u00eda restri\u00e7\u00e3o Administrativa pelo munic\u00edpio de Vit\u00f3ria da Conquista &#8211; BA, al\u00e9m de [&hellip;]<\/p>\n","protected":false},"author":1,"featured_media":140024,"comment_status":"closed","ping_status":"closed","sticky":false,"template":"","format":"standard","meta":[],"categories":[3],"tags":[],"_links":{"self":[{"href":"https:\/\/blitzconquista.com.br\/index.php?rest_route=\/wp\/v2\/posts\/140022"}],"collection":[{"href":"https:\/\/blitzconquista.com.br\/index.php?rest_route=\/wp\/v2\/posts"}],"about":[{"href":"https:\/\/blitzconquista.com.br\/index.php?rest_route=\/wp\/v2\/types\/post"}],"author":[{"embeddable":true,"href":"https:\/\/blitzconquista.com.br\/index.php?rest_route=\/wp\/v2\/users\/1"}],"replies":[{"embeddable":true,"href":"https:\/\/blitzconquista.com.br\/index.php?rest_route=%2Fwp%2Fv2%2Fcomments&post=140022"}],"version-history":[{"count":1,"href":"https:\/\/blitzconquista.com.br\/index.php?rest_route=\/wp\/v2\/posts\/140022\/revisions"}],"predecessor-version":[{"id":140025,"href":"https:\/\/blitzconquista.com.br\/index.php?rest_route=\/wp\/v2\/posts\/140022\/revisions\/140025"}],"wp:featuredmedia":[{"embeddable":true,"href":"https:\/\/blitzconquista.com.br\/index.php?rest_route=\/wp\/v2\/media\/140024"}],"wp:attachment":[{"href":"https:\/\/blitzconquista.com.br\/index.php?rest_route=%2Fwp%2Fv2%2Fmedia&parent=140022"}],"wp:term":[{"taxonomy":"category","embeddable":true,"href":"https:\/\/blitzconquista.com.br\/index.php?rest_route=%2Fwp%2Fv2%2Fcategories&post=140022"},{"taxonomy":"post_tag","embeddable":true,"href":"https:\/\/blitzconquista.com.br\/index.php?rest_route=%2Fwp%2Fv2%2Ftags&post=140022"}],"curies":[{"name":"wp","href":"https:\/\/api.w.org\/{rel}","templated":true}]}}