{"id":140081,"date":"2025-10-29T10:43:28","date_gmt":"2025-10-29T13:43:28","guid":{"rendered":"https:\/\/blitzconquista.com.br\/?p=140081"},"modified":"2025-10-29T10:43:57","modified_gmt":"2025-10-29T13:43:57","slug":"moradores-retiram-cerca-de-60-corpos-em-area-de-mata-apos-operacao","status":"publish","type":"post","link":"https:\/\/blitzconquista.com.br\/?p=140081","title":{"rendered":"Moradores retiram cerca de 60 corpos em \u00e1rea de mata ap\u00f3s opera\u00e7\u00e3o"},"content":{"rendered":"<div class=\"header-noticia full-width\">\n<h3 class=\"linha-fina-noticia\" style=\"text-align: center;\">Comunidade diz que eles n\u00e3o fazem parte da contagem oficial<\/h3>\n<\/div>\n<div class=\"capa-materia rel-position\">\n<figure><img decoding=\"async\" id=\"media-442280\" class=\"aligncenter\" title=\"Tomaz Silva\/Ag\u00eancia Brasil\" src=\"https:\/\/imagens.ebc.com.br\/B8crqoOhj-UK4SDx1WncFP9ewhw=\/1170x700\/smart\/https:\/\/agenciabrasil.ebc.com.br\/sites\/default\/files\/thumbnails\/image\/2025\/10\/29\/toms9678.jpg?itok=6fHG8QD7\" alt=\"Rio de Janeiro (RJ), 28\/10\/2025 - Dezenas de corpos s\u00e3o trazidos por moradores para a Pra\u00e7a S\u00e3o Lucas, na Penha, zona norte do Rio de Janeiro. Foto: Tomaz Silva \/Ag\u00eancia Brasil\" \/><figcaption class=\"credito-foto abs-position fullwidth\">\u00a9 Tomaz Silva\/Ag\u00eancia Brasil<\/figcaption><\/figure>\n<\/div>\n<div class=\"conteudo-noticia\">\n<p>Cerca de 60 corpos foram localizados e retirados de uma \u00e1rea de mata do Complexo da Penha\u00a0por moradores, ap\u00f3s a Opera\u00e7\u00e3o Conten\u00e7\u00e3o realizada pelas for\u00e7as de seguran\u00e7a do estado, nessa ter\u00e7a-feira (28). Os corpos foram reunidos na Pra\u00e7a S\u00e3o Lucas, no centro da comunidade, e de acordo com os moradores, n\u00e3o fazem parte da contagem oficial de 64 mortos &#8211; 60 suspeitos e 4 policiais. A Pol\u00edcia Militar foi procurada, mas ainda n\u00e3o se pronunciou.\u00a0<img decoding=\"async\" src=\"https:\/\/agenciabrasil.ebc.com.br\/ebc.png?id=1664958&amp;o=node\" \/><img decoding=\"async\" src=\"https:\/\/agenciabrasil.ebc.com.br\/ebc.gif?id=1664958&amp;o=node\" \/><\/p>\n<p><strong>O ativista Raul Santiago, morador do complexo, fez uma transmiss\u00e3o ao vivo e denunciou a\u00a0 \u201cchacina que entra para a hist\u00f3ria do Rio de Janeiro, do Brasil e marca com muita tristeza a realidade do pa\u00eds.\u201d\u00a0<\/strong><\/p>\n<p>A pedido dos familiares, os corpos foram expostos para registro da imprensa, e depois foram cobertos com len\u00e7\u00f3is. A comunidade aguarda a retirada dos corpos pelo Instituto M\u00e9dico-Legal.<\/p>\n<p><strong>Se eles realmente estiverem fora das 64 v\u00edtimas contabilizadas ontem, o n\u00famero<a href=\"https:\/\/agenciabrasil.ebc.com.br\/direitos-humanos\/noticia\/2025-10\/numero-de-suspeitos-mortos-em-acao-na-penha-e-no-alemao-deve-aumentar\" target=\"_blank\" rel=\"noopener\">\u00a0total de mortos<\/a>\u00a0da opera\u00e7\u00e3o mais letal j\u00e1 realizada pelas for\u00e7as de seguran\u00e7a do Rio, pode chegar a 120.<\/strong>\u00a0Durante a noite, mais\u00a0seis corpos encontrados em \u00e1rea de mata no Complexo do Alem\u00e3o foram levados para o Hospital Get\u00falio Vargas.<\/p>\n<p>O Corpo de Bombeiros j\u00e1 come\u00e7ou a retirar os corpos no Complexo da Penha.\u00a0Ainda h\u00e1 incerteza sobre o n\u00famero total de mortos na a\u00e7\u00e3o,\u00a0que est\u00e1 sendo considerada\u00a0pelo governo do estado como \u201ca maior opera\u00e7\u00e3o da hist\u00f3ria do Rio de Janeiro\u201d. A contagem oficial na ter\u00e7a-feira foi de 64 \u00f3bitos, sendo 60 suspeitos e 4 policiais. Isso j\u00e1 caracteriza a a\u00e7\u00e3o como a mais letal.<\/p>\n<p>No entanto, seis corpos encontrados por moradores no Complexo do Alem\u00e3o foram levados para o Hospital Get\u00falio Vargas durante a noite, al\u00e9m dos 60 localizados na Penha durante a madrugada e manh\u00e3 de hoje. Caso n\u00e3o haja duplicidade, a conta pode chegar a 130 mortos.<\/p>\n<\/div>\n<p>&nbsp;<\/p>\n<p>Fonte: Ag\u00eancia Brasil<\/p>\n","protected":false},"excerpt":{"rendered":"<p>Comunidade diz que eles n\u00e3o fazem parte da contagem oficial \u00a9 Tomaz Silva\/Ag\u00eancia Brasil Cerca de 60 corpos foram localizados e retirados de uma \u00e1rea de mata do Complexo da Penha\u00a0por moradores, ap\u00f3s a Opera\u00e7\u00e3o Conten\u00e7\u00e3o realizada pelas for\u00e7as de seguran\u00e7a do estado, nessa ter\u00e7a-feira (28). Os corpos foram reunidos na Pra\u00e7a S\u00e3o Lucas, no [&hellip;]<\/p>\n","protected":false},"author":1,"featured_media":140083,"comment_status":"closed","ping_status":"closed","sticky":false,"template":"","format":"standard","meta":[],"categories":[212,3],"tags":[],"_links":{"self":[{"href":"https:\/\/blitzconquista.com.br\/index.php?rest_route=\/wp\/v2\/posts\/140081"}],"collection":[{"href":"https:\/\/blitzconquista.com.br\/index.php?rest_route=\/wp\/v2\/posts"}],"about":[{"href":"https:\/\/blitzconquista.com.br\/index.php?rest_route=\/wp\/v2\/types\/post"}],"author":[{"embeddable":true,"href":"https:\/\/blitzconquista.com.br\/index.php?rest_route=\/wp\/v2\/users\/1"}],"replies":[{"embeddable":true,"href":"https:\/\/blitzconquista.com.br\/index.php?rest_route=%2Fwp%2Fv2%2Fcomments&post=140081"}],"version-history":[{"count":2,"href":"https:\/\/blitzconquista.com.br\/index.php?rest_route=\/wp\/v2\/posts\/140081\/revisions"}],"predecessor-version":[{"id":140085,"href":"https:\/\/blitzconquista.com.br\/index.php?rest_route=\/wp\/v2\/posts\/140081\/revisions\/140085"}],"wp:featuredmedia":[{"embeddable":true,"href":"https:\/\/blitzconquista.com.br\/index.php?rest_route=\/wp\/v2\/media\/140083"}],"wp:attachment":[{"href":"https:\/\/blitzconquista.com.br\/index.php?rest_route=%2Fwp%2Fv2%2Fmedia&parent=140081"}],"wp:term":[{"taxonomy":"category","embeddable":true,"href":"https:\/\/blitzconquista.com.br\/index.php?rest_route=%2Fwp%2Fv2%2Fcategories&post=140081"},{"taxonomy":"post_tag","embeddable":true,"href":"https:\/\/blitzconquista.com.br\/index.php?rest_route=%2Fwp%2Fv2%2Ftags&post=140081"}],"curies":[{"name":"wp","href":"https:\/\/api.w.org\/{rel}","templated":true}]}}