{"id":140100,"date":"2025-10-30T09:22:28","date_gmt":"2025-10-30T12:22:28","guid":{"rendered":"https:\/\/blitzconquista.com.br\/?p=140100"},"modified":"2025-10-30T09:22:28","modified_gmt":"2025-10-30T12:22:28","slug":"stf-requer-informacoes-ao-governo-do-rj-sobre-operacao-policial-nos-complexos-do-alemao-e-da-penha","status":"publish","type":"post","link":"https:\/\/blitzconquista.com.br\/?p=140100","title":{"rendered":"STF requer informa\u00e7\u00f5es ao governo do RJ sobre opera\u00e7\u00e3o policial nos complexos do Alem\u00e3o e da Penha"},"content":{"rendered":"<h3 class=\"noticia-titulo\" style=\"text-align: center;\">\u00a0Ministro Alexandre de Moraes convocou audi\u00eancias na pr\u00f3xima segunda-feira (3) com o governador do estado e outras autoridades estaduais<\/h3>\n<div class=\"col-md-6 m-auto p-0 m-b-16\">\n<div class=\"noticia-imagem\"><img decoding=\"async\" class=\"aligncenter\" src=\"https:\/\/noticias-stf-wp-prd.s3.sa-east-1.amazonaws.com\/wp-content\/uploads\/wpallimport\/uploads\/2025\/10\/14214249\/a1I4Q9879-Rosinei-Coutinho.jpg\" alt=\"Fachada do edif\u00edcio-sede do STF\" \/>Foto: Rosinei Coutinho\/STF<\/div>\n<\/div>\n<div class=\"noticia-conteudo conteudo-iframe p-l-8 p-r-8 m-t-16\">\n<p>O ministro Alexandre de Moraes, do Supremo Tribunal Federal (STF), determinou ao governador do Estado do Rio de Janeiro, Cl\u00e1udio Castro, que preste informa\u00e7\u00f5es sobre a opera\u00e7\u00e3o policial ocorrida na ter\u00e7a-feira (28) nos complexos do Alem\u00e3o e da Penha. A decis\u00e3o foi tomada na Argui\u00e7\u00e3o de Descumprimento de Preceito Fundamental\u00a0<a href=\"https:\/\/portal.stf.jus.br\/processos\/detalhe.asp?incidente=5816502\" target=\"_blank\" rel=\"noreferrer noopener\"><strong>(ADPF) 635<\/strong><\/a>\u00a0(\u201cADPF das Favelas\u201d), ap\u00f3s pedido do Conselho Nacional de Direitos Humanos (CNDH) e parecer favor\u00e1vel da Procuradoria-Geral da Rep\u00fablica (PGR).<\/p>\n<p>Na peti\u00e7\u00e3o, o CNDH afirma que, apesar das determina\u00e7\u00f5es do Supremo no \u00e2mbito da ADPF \u2013 entre elas a homologa\u00e7\u00e3o de um plano de redu\u00e7\u00e3o da letalidade policial e a instala\u00e7\u00e3o de c\u00e2meras nas fardas e viaturas policiais \u2013, a opera\u00e7\u00e3o policial de ter\u00e7a-feira foi \u201ca mais letal da hist\u00f3ria do Estado do Rio de Janeiro\u201d.<\/p>\n<p>O ministro tamb\u00e9m convocou audi\u00eancia para a pr\u00f3xima segunda-feira (3), \u00e0s 11h, no Rio de Janeiro, com o governador, o secret\u00e1rio de Seguran\u00e7a P\u00fablica do estado, o comandante da Pol\u00edcia Militar, o delegado-geral da Pol\u00edcia Civil e o diretor da Superintend\u00eancia-Geral de Pol\u00edcia T\u00e9cnico-Cient\u00edfica. Nessa ocasi\u00e3o, o governador dever\u00e1 apresentar as informa\u00e7\u00f5es de forma detalhada.\u00a0Tamb\u00e9m haver\u00e1 audi\u00eancias com o presidente do Tribunal de Justi\u00e7a do Estado do Rio de Janeiro, o procurador-geral de Justi\u00e7a e o defensor p\u00fablico-geral do estado.<\/p>\n<h5 class=\"wp-block-heading\"><strong>Informa\u00e7\u00f5es\u00a0<\/strong><\/h5>\n<p>As informa\u00e7\u00f5es requisitadas devem abranger relat\u00f3rio circunstanciado sobre a opera\u00e7\u00e3o, com pr\u00e9via defini\u00e7\u00e3o do grau de for\u00e7a empregado e justificativa formal para sua realiza\u00e7\u00e3o; o n\u00famero de agentes envolvidos e os armamentos utilizados; e o n\u00famero oficial de mortos, feridos e pessoas detidas.<\/p>\n<p>O governo estadual tamb\u00e9m dever\u00e1 informar se adotou medidas para garantir a responsabiliza\u00e7\u00e3o em caso de eventuais abusos e viola\u00e7\u00f5es de direitos, incluindo a atua\u00e7\u00e3o dos \u00f3rg\u00e3os periciais e o uso de c\u00e2meras corporais, al\u00e9m de assist\u00eancia \u00e0s v\u00edtimas e suas fam\u00edlias, como a presen\u00e7a de ambul\u00e2ncias.<\/p>\n<h5 class=\"wp-block-heading\"><strong>Atua\u00e7\u00e3o\u00a0<\/strong><\/h5>\n<p>O ministro Alexandre de Moraes atua no caso com base no artigo 38, inciso I, do Regimento Interno do STF. O ministro Edson Fachin era o relator da ADPF 635, e, ap\u00f3s sua posse na Presid\u00eancia do STF, o processo foi redistribu\u00eddo ao ministro Lu\u00eds Roberto Barroso. Com a aposentadoria de Barroso, no \u00faltimo dia 18\/10, o ministro que ingressou em seguida na Corte (\u00e0 exce\u00e7\u00e3o do presidente) fica respons\u00e1vel por decidir em quest\u00f5es urgentes no caso at\u00e9 a nomea\u00e7\u00e3o de seu sucessor.<\/p>\n<p>Leia a\u00a0<a href=\"https:\/\/portal.stf.jus.br\/processos\/downloadPeca.asp?id=15381819819&amp;ext=.pdf\" target=\"_blank\" rel=\"noreferrer noopener\"><strong>\u00edntegra da decis\u00e3o<\/strong><\/a>.<\/p>\n<p class=\"has-small-font-size\">(Su\u00e9len Pires\/AD\/\/CF)<\/p>\n<p>Fonte: Ascom &#8211; STF<\/p>\n<\/div>\n","protected":false},"excerpt":{"rendered":"<p>\u00a0Ministro Alexandre de Moraes convocou audi\u00eancias na pr\u00f3xima segunda-feira (3) com o governador do estado e outras autoridades estaduais Foto: Rosinei Coutinho\/STF O ministro Alexandre de Moraes, do Supremo Tribunal Federal (STF), determinou ao governador do Estado do Rio de Janeiro, Cl\u00e1udio Castro, que preste informa\u00e7\u00f5es sobre a opera\u00e7\u00e3o policial ocorrida na ter\u00e7a-feira (28) nos [&hellip;]<\/p>\n","protected":false},"author":1,"featured_media":0,"comment_status":"closed","ping_status":"closed","sticky":false,"template":"","format":"standard","meta":[],"categories":[1],"tags":[],"_links":{"self":[{"href":"https:\/\/blitzconquista.com.br\/index.php?rest_route=\/wp\/v2\/posts\/140100"}],"collection":[{"href":"https:\/\/blitzconquista.com.br\/index.php?rest_route=\/wp\/v2\/posts"}],"about":[{"href":"https:\/\/blitzconquista.com.br\/index.php?rest_route=\/wp\/v2\/types\/post"}],"author":[{"embeddable":true,"href":"https:\/\/blitzconquista.com.br\/index.php?rest_route=\/wp\/v2\/users\/1"}],"replies":[{"embeddable":true,"href":"https:\/\/blitzconquista.com.br\/index.php?rest_route=%2Fwp%2Fv2%2Fcomments&post=140100"}],"version-history":[{"count":1,"href":"https:\/\/blitzconquista.com.br\/index.php?rest_route=\/wp\/v2\/posts\/140100\/revisions"}],"predecessor-version":[{"id":140102,"href":"https:\/\/blitzconquista.com.br\/index.php?rest_route=\/wp\/v2\/posts\/140100\/revisions\/140102"}],"wp:attachment":[{"href":"https:\/\/blitzconquista.com.br\/index.php?rest_route=%2Fwp%2Fv2%2Fmedia&parent=140100"}],"wp:term":[{"taxonomy":"category","embeddable":true,"href":"https:\/\/blitzconquista.com.br\/index.php?rest_route=%2Fwp%2Fv2%2Fcategories&post=140100"},{"taxonomy":"post_tag","embeddable":true,"href":"https:\/\/blitzconquista.com.br\/index.php?rest_route=%2Fwp%2Fv2%2Ftags&post=140100"}],"curies":[{"name":"wp","href":"https:\/\/api.w.org\/{rel}","templated":true}]}}