{"id":140729,"date":"2026-01-12T22:01:19","date_gmt":"2026-01-13T01:01:19","guid":{"rendered":"https:\/\/blitzconquista.com.br\/?p=140729"},"modified":"2026-01-12T22:01:19","modified_gmt":"2026-01-13T01:01:19","slug":"pf-participa-de-operacao-internacional-que-resulta-na-apreensao-de-quase-10-toneladas-de-cocaina-em-alto-mar","status":"publish","type":"post","link":"https:\/\/blitzconquista.com.br\/?p=140729","title":{"rendered":"PF participa de opera\u00e7\u00e3o internacional que resulta na apreens\u00e3o de quase 10 toneladas de coca\u00edna em alto-mar"},"content":{"rendered":"<h3 class=\"documentDescription\" style=\"text-align: center;\">Atua\u00e7\u00e3o da PF no compartilhamento de intelig\u00eancia foi decisiva para a intercepta\u00e7\u00e3o de embarca\u00e7\u00e3o em \u00e1guas internacionais pr\u00f3ximas \u00e0s Ilhas Can\u00e1rias<\/h3>\n<div id=\"viewlet-above-content-body\">\n<div class=\"swiper-container swiper-container-horizontal\">\n<div class=\"swiper-wrapper\">\n<div class=\"swiper-slide swiper-slide-prev\">\n<div class=\"swiper-player aspect-16-9\">\n<div class=\"swiper-image-wrapper\"><img decoding=\"async\" loading=\"lazy\" class=\"aligncenter\" src=\"https:\/\/www.gov.br\/pf\/pt-br\/assuntos\/noticias\/2026\/01\/pf-participa-de-operacao-internacional-que-resulta-na-apreensao-de-quase-10-toneladas-de-cocaina-em-alto-mar\/whatsapp-image-2026-01-12-at-13-36-06.jpeg\/@@images\/42f30327-3c90-4e90-bcdf-a5986fa3d17e.jpeg\" alt=\"WhatsApp Image 2026-01-12 at 13.36.06.jpeg\" width=\"431\" height=\"768\" \/><\/div>\n<\/div>\n<\/div>\n<\/div>\n<\/div>\n<\/div>\n<div id=\"content-core\">\n<div id=\"parent-fieldname-text\" class=\"\">\n<div>\n<p><strong>Bras\u00edlia\/DF.<\/strong>\u00a0Uma opera\u00e7\u00e3o internacional de combate ao tr\u00e1fico transnacional de drogas, com a participa\u00e7\u00e3o da Pol\u00edcia Federal do Brasil, resultou na apreens\u00e3o de aproximadamente 10 toneladas de coca\u00edna a bordo de uma embarca\u00e7\u00e3o mercante de bandeira estrangeira. A intercepta\u00e7\u00e3o ocorreu nos dias 6 e 7 de janeiro, em \u00e1guas internacionais do Oceano Atl\u00e2ntico, nas proximidades do arquip\u00e9lago das Can\u00e1rias.<\/p>\n<p>A a\u00e7\u00e3o foi desencadeada a partir do compartilhamento de informa\u00e7\u00f5es de intelig\u00eancia entre a Pol\u00edcia Federal e autoridades estrangeiras, o que permitiu a identifica\u00e7\u00e3o, a localiza\u00e7\u00e3o e a abordagem da embarca\u00e7\u00e3o em alto-mar. O navio havia realizado escalas em portos brasileiros em dezembro de 2025.<\/p>\n<p>A intercepta\u00e7\u00e3o foi realizada pela Pol\u00edcia Nacional da Espanha, com apoio de organismos internacionais e de for\u00e7as de seguran\u00e7a de diversos pa\u00edses. Ao todo, 13 tripulantes, todos estrangeiros, foram detidos pelas autoridades espanholas.<\/p>\n<p>A opera\u00e7\u00e3o contou com coopera\u00e7\u00e3o entre autoridades brasileiras, espanholas, portuguesas, norte-americanas e organismos internacionais, evidenciando a import\u00e2ncia da atua\u00e7\u00e3o integrada no enfrentamento \u00e0s organiza\u00e7\u00f5es criminosas respons\u00e1veis pelo tr\u00e1fico mar\u00edtimo de grandes cargas de entorpecentes com destino ao continente europeu.<\/p>\n<p>Os procedimentos legais ser\u00e3o conduzidos na Espanha, enquanto a Pol\u00edcia Federal brasileira acompanha as investiga\u00e7\u00f5es, mantendo o interc\u00e2mbio de informa\u00e7\u00f5es e o apoio \u00e0s a\u00e7\u00f5es de repress\u00e3o ao crime organizado transnacional.<\/p>\n<p>Para mais informa\u00e7\u00f5es, acesse:\u00a0https:\/\/www.interior.gob.es\/opencms\/es\/detalle\/articulo\/Interceptado-en-aguas-del-Atlantico-un-buque-mercante-que-ocultaba-casi-10-toneladas-de-cocaina-entre-un-cargamento-de-sal\/<\/p>\n<p><img decoding=\"async\" loading=\"lazy\" class=\"aligncenter\" src=\"https:\/\/www.gov.br\/pf\/pt-br\/assuntos\/noticias\/2026\/01\/pf-participa-de-operacao-internacional-que-resulta-na-apreensao-de-quase-10-toneladas-de-cocaina-em-alto-mar\/whatsapp-image-2026-01-12-at-13-36-05.jpeg\/@@images\/5c147c4c-8f51-43b1-b1f2-2644792eb473.jpeg\" alt=\"WhatsApp Image 2026-01-12 at 13.36.05.jpeg\" width=\"431\" height=\"768\" \/><\/p>\n<p>Fonte: Coordena\u00e7\u00e3o-Geral de Comunica\u00e7\u00e3o Social<\/p>\n<\/div>\n<\/div>\n<\/div>\n","protected":false},"excerpt":{"rendered":"<p>Atua\u00e7\u00e3o da PF no compartilhamento de intelig\u00eancia foi decisiva para a intercepta\u00e7\u00e3o de embarca\u00e7\u00e3o em \u00e1guas internacionais pr\u00f3ximas \u00e0s Ilhas Can\u00e1rias Bras\u00edlia\/DF.\u00a0Uma opera\u00e7\u00e3o internacional de combate ao tr\u00e1fico transnacional de drogas, com a participa\u00e7\u00e3o da Pol\u00edcia Federal do Brasil, resultou na apreens\u00e3o de aproximadamente 10 toneladas de coca\u00edna a bordo de uma embarca\u00e7\u00e3o mercante de [&hellip;]<\/p>\n","protected":false},"author":1,"featured_media":140731,"comment_status":"closed","ping_status":"closed","sticky":false,"template":"","format":"standard","meta":[],"categories":[3],"tags":[],"_links":{"self":[{"href":"https:\/\/blitzconquista.com.br\/index.php?rest_route=\/wp\/v2\/posts\/140729"}],"collection":[{"href":"https:\/\/blitzconquista.com.br\/index.php?rest_route=\/wp\/v2\/posts"}],"about":[{"href":"https:\/\/blitzconquista.com.br\/index.php?rest_route=\/wp\/v2\/types\/post"}],"author":[{"embeddable":true,"href":"https:\/\/blitzconquista.com.br\/index.php?rest_route=\/wp\/v2\/users\/1"}],"replies":[{"embeddable":true,"href":"https:\/\/blitzconquista.com.br\/index.php?rest_route=%2Fwp%2Fv2%2Fcomments&post=140729"}],"version-history":[{"count":1,"href":"https:\/\/blitzconquista.com.br\/index.php?rest_route=\/wp\/v2\/posts\/140729\/revisions"}],"predecessor-version":[{"id":140732,"href":"https:\/\/blitzconquista.com.br\/index.php?rest_route=\/wp\/v2\/posts\/140729\/revisions\/140732"}],"wp:featuredmedia":[{"embeddable":true,"href":"https:\/\/blitzconquista.com.br\/index.php?rest_route=\/wp\/v2\/media\/140731"}],"wp:attachment":[{"href":"https:\/\/blitzconquista.com.br\/index.php?rest_route=%2Fwp%2Fv2%2Fmedia&parent=140729"}],"wp:term":[{"taxonomy":"category","embeddable":true,"href":"https:\/\/blitzconquista.com.br\/index.php?rest_route=%2Fwp%2Fv2%2Fcategories&post=140729"},{"taxonomy":"post_tag","embeddable":true,"href":"https:\/\/blitzconquista.com.br\/index.php?rest_route=%2Fwp%2Fv2%2Ftags&post=140729"}],"curies":[{"name":"wp","href":"https:\/\/api.w.org\/{rel}","templated":true}]}}