{"id":140782,"date":"2026-01-20T16:12:15","date_gmt":"2026-01-20T19:12:15","guid":{"rendered":"https:\/\/blitzconquista.com.br\/?p=140782"},"modified":"2026-01-20T16:12:15","modified_gmt":"2026-01-20T19:12:15","slug":"justica-acata-pedido-do-mpba-e-determina-ao-municipio-de-jequie-recuperacao-da-lagoa-do-derba","status":"publish","type":"post","link":"https:\/\/blitzconquista.com.br\/?p=140782","title":{"rendered":"Justi\u00e7a acata pedido do MPBA e determina ao Munic\u00edpio de Jequi\u00e9 recupera\u00e7\u00e3o da Lagoa do Derba"},"content":{"rendered":"<div class=\"field field-name-title field-type-ds field-label-hidden\">\n<div class=\"field-items\">\n<div class=\"field-item even\">\n<figure id=\"attachment_140784\" aria-describedby=\"caption-attachment-140784\" style=\"width: 583px\" class=\"wp-caption aligncenter\"><img decoding=\"async\" loading=\"lazy\" class=\"wp-image-140784 \" src=\"http:\/\/blitzconquista.com.br\/wp-content\/uploads\/2026\/01\/revitalizacao-do-entorno-da-lagoa-do-derba145940761.jpeg\" alt=\"\" width=\"583\" height=\"356\" srcset=\"https:\/\/blitzconquista.com.br\/wp-content\/uploads\/2026\/01\/revitalizacao-do-entorno-da-lagoa-do-derba145940761.jpeg 360w, https:\/\/blitzconquista.com.br\/wp-content\/uploads\/2026\/01\/revitalizacao-do-entorno-da-lagoa-do-derba145940761-300x183.jpeg 300w\" sizes=\"(max-width: 583px) 100vw, 583px\" \/><figcaption id=\"caption-attachment-140784\" class=\"wp-caption-text\">Imagem: Prefeitura Municipal de Jequi\u00e9<\/figcaption><\/figure>\n<\/div>\n<\/div>\n<\/div>\n<div class=\"field field-name-body field-type-text-with-summary field-label-hidden\">\n<div class=\"field-items\">\n<div class=\"field-item even\">\n<p class=\"rtejustify\">A Justi\u00e7a atendeu pedido do Minist\u00e9rio P\u00fablico do Estado da Bahia e determinou ao Munic\u00edpio de Jequi\u00e9 que fiscalizasse e elaborasse um plano de recupera\u00e7\u00e3o da \u00e1rea de preserva\u00e7\u00e3o da Lagoa do Derba. A decis\u00e3o atende a uma a\u00e7\u00e3o civil p\u00fablica ajuizada pelo MPBA ap\u00f3s constatar o descarte irregular de res\u00edduos e entulhos na lagoa, al\u00e9m da omiss\u00e3o da gest\u00e3o municipal na fiscaliza\u00e7\u00e3o e prote\u00e7\u00e3o do local.<\/p>\n<p class=\"rtejustify\">A senten\u00e7a foi proferida em 17 de dezembro de 2025, pela 1\u00aa Vara da Fazenda P\u00fablica de Jequi\u00e9. O Munic\u00edpio dever\u00e1 adotar medidas permanentes de fiscaliza\u00e7\u00e3o da Lagoa do Derba, promover a limpeza e recupera\u00e7\u00e3o ambiental da \u00e1rea, implantar a\u00e7\u00f5es de gest\u00e3o de res\u00edduos e educa\u00e7\u00e3o ambiental para a comunidade do entorno e apresentar relat\u00f3rios peri\u00f3dicos \u00e0 Justi\u00e7a sobre o cumprimento das determina\u00e7\u00f5es.<\/p>\n<p class=\"rtejustify\">A Justi\u00e7a tamb\u00e9m determinou que o Munic\u00edpio pague uma indeniza\u00e7\u00e3o de R$ 100 mil por dano ambiental residual, valor que dever\u00e1 ser destinado ao Fundo de Defesa de Direitos Difusos ou a fundo ambiental equivalente.<\/p>\n<\/div>\n<\/div>\n<\/div>\n<p>&nbsp;<\/p>\n<p>Fonte: Ascom &#8211; MPBA<\/p>\n","protected":false},"excerpt":{"rendered":"<p>A Justi\u00e7a atendeu pedido do Minist\u00e9rio P\u00fablico do Estado da Bahia e determinou ao Munic\u00edpio de Jequi\u00e9 que fiscalizasse e elaborasse um plano de recupera\u00e7\u00e3o da \u00e1rea de preserva\u00e7\u00e3o da Lagoa do Derba. A decis\u00e3o atende a uma a\u00e7\u00e3o civil p\u00fablica ajuizada pelo MPBA ap\u00f3s constatar o descarte irregular de res\u00edduos e entulhos na lagoa, [&hellip;]<\/p>\n","protected":false},"author":1,"featured_media":140784,"comment_status":"closed","ping_status":"closed","sticky":false,"template":"","format":"standard","meta":[],"categories":[4],"tags":[],"_links":{"self":[{"href":"https:\/\/blitzconquista.com.br\/index.php?rest_route=\/wp\/v2\/posts\/140782"}],"collection":[{"href":"https:\/\/blitzconquista.com.br\/index.php?rest_route=\/wp\/v2\/posts"}],"about":[{"href":"https:\/\/blitzconquista.com.br\/index.php?rest_route=\/wp\/v2\/types\/post"}],"author":[{"embeddable":true,"href":"https:\/\/blitzconquista.com.br\/index.php?rest_route=\/wp\/v2\/users\/1"}],"replies":[{"embeddable":true,"href":"https:\/\/blitzconquista.com.br\/index.php?rest_route=%2Fwp%2Fv2%2Fcomments&post=140782"}],"version-history":[{"count":1,"href":"https:\/\/blitzconquista.com.br\/index.php?rest_route=\/wp\/v2\/posts\/140782\/revisions"}],"predecessor-version":[{"id":140785,"href":"https:\/\/blitzconquista.com.br\/index.php?rest_route=\/wp\/v2\/posts\/140782\/revisions\/140785"}],"wp:featuredmedia":[{"embeddable":true,"href":"https:\/\/blitzconquista.com.br\/index.php?rest_route=\/wp\/v2\/media\/140784"}],"wp:attachment":[{"href":"https:\/\/blitzconquista.com.br\/index.php?rest_route=%2Fwp%2Fv2%2Fmedia&parent=140782"}],"wp:term":[{"taxonomy":"category","embeddable":true,"href":"https:\/\/blitzconquista.com.br\/index.php?rest_route=%2Fwp%2Fv2%2Fcategories&post=140782"},{"taxonomy":"post_tag","embeddable":true,"href":"https:\/\/blitzconquista.com.br\/index.php?rest_route=%2Fwp%2Fv2%2Ftags&post=140782"}],"curies":[{"name":"wp","href":"https:\/\/api.w.org\/{rel}","templated":true}]}}