{"id":140786,"date":"2026-01-20T16:16:32","date_gmt":"2026-01-20T19:16:32","guid":{"rendered":"https:\/\/blitzconquista.com.br\/?p=140786"},"modified":"2026-01-20T16:17:33","modified_gmt":"2026-01-20T19:17:33","slug":"mpba-ajuiza-acao-civil-publica-contra-a-coelba-por-falhas-no-fornecimento-de-energia-em-uaua","status":"publish","type":"post","link":"https:\/\/blitzconquista.com.br\/?p=140786","title":{"rendered":"MPBA aju\u00edza a\u00e7\u00e3o civil p\u00fablica contra a Coelba por falhas no fornecimento de energia em Uau\u00e1"},"content":{"rendered":"<div class=\"field field-name-title field-type-ds field-label-hidden\">\n<div class=\"field-items\">\n<div class=\"field-item even\">\n<p><img decoding=\"async\" loading=\"lazy\" class=\"wp-image-140788\" src=\"http:\/\/blitzconquista.com.br\/wp-content\/uploads\/2026\/01\/Bahia_Municip_Uaua.svg_.png\" alt=\"\" width=\"385\" height=\"399\" \/><\/p>\n<p>Imagem: Wikip\u00e9dia<\/p><\/div>\n<\/div>\n<\/div>\n<div class=\"field field-name-body field-type-text-with-summary field-label-hidden\">\n<div class=\"field-items\">\n<div class=\"field-item even\">\n<p class=\"rtejustify\">O Minist\u00e9rio P\u00fablico do Estado da Bahia, por meio da promotora de Justi\u00e7a Renata Mamede, ajuizou uma a\u00e7\u00e3o civil p\u00fablica contra a Companhia de Eletricidade do Estado da Bahia (Coelba) em raz\u00e3o das constantes falhas no fornecimento de energia el\u00e9trica no munic\u00edpio de Uau\u00e1.<\/p>\n<p>Na a\u00e7\u00e3o, o MPBA requer, em car\u00e1ter de urg\u00eancia, que a Justi\u00e7a determine medidas para obrigar a concession\u00e1ria a regularizar o fornecimento de energia em Uau\u00e1. Al\u00e9m disso, o MPBA solicita que a Justi\u00e7a determine o bloqueio de valores das contas da empresa para garantir indeniza\u00e7\u00f5es aos consumidores prejudicados, bem como o pagamento de compensa\u00e7\u00f5es por danos morais coletivos e danos sociais, estimados em R$ 5 milh\u00f5es.<\/p>\n<p>De acordo com a promotora de Justi\u00e7a, o problema se \u201carrasta desde 2023 sem solu\u00e7\u00e3o eficaz na esfera administrativa, apesar das diversas reclama\u00e7\u00f5es da popula\u00e7\u00e3o\u201d. As quedas frequentes de energia e as oscila\u00e7\u00f5es de tens\u00e3o t\u00eam causado preju\u00edzos econ\u00f4micos aos moradores, como a perda de alimentos, a queima de eletrodom\u00e9sticos e dificuldades no funcionamento de bombas d\u2019\u00e1gua, al\u00e9m de impactos diretos na \u00e1rea da sa\u00fade, j\u00e1 que muitos exames e atendimentos dependem do fornecimento regular de energia el\u00e9trica.<\/p>\n<p>Ela complementou que a \u00faltima interrup\u00e7\u00e3o ocorreu em 11 de dezembro de 2025, quando o munic\u00edpio ficou cerca de 25 horas sem energia. O apag\u00e3o comprometeu servi\u00e7os essenciais e atingiu at\u00e9 o funcionamento do Poder Judici\u00e1rio, resultando no cancelamento de audi\u00eancias previamente designadas e na paralisa\u00e7\u00e3o de servi\u00e7os b\u00e1sicos \u00e0 popula\u00e7\u00e3o. A promotora de Justi\u00e7a Renata Mamede aponta ainda falhas graves na infraestrutura da rede el\u00e9trica local, com interrup\u00e7\u00f5es prolongadas, oscila\u00e7\u00f5es de voltagem e aus\u00eancia de investimentos suficientes para atender a demanda do Munic\u00edpio, al\u00e9m de problemas no atendimento aos consumidores durante as crises.<\/p>\n<\/div>\n<\/div>\n<\/div>\n<p>&nbsp;<\/p>\n<p>Fonte: Ascom &#8211; MPBA<\/p>\n","protected":false},"excerpt":{"rendered":"<p>Imagem: Wikip\u00e9dia O Minist\u00e9rio P\u00fablico do Estado da Bahia, por meio da promotora de Justi\u00e7a Renata Mamede, ajuizou uma a\u00e7\u00e3o civil p\u00fablica contra a Companhia de Eletricidade do Estado da Bahia (Coelba) em raz\u00e3o das constantes falhas no fornecimento de energia el\u00e9trica no munic\u00edpio de Uau\u00e1. Na a\u00e7\u00e3o, o MPBA requer, em car\u00e1ter de urg\u00eancia, [&hellip;]<\/p>\n","protected":false},"author":1,"featured_media":140788,"comment_status":"closed","ping_status":"closed","sticky":false,"template":"","format":"standard","meta":[],"categories":[4],"tags":[],"_links":{"self":[{"href":"https:\/\/blitzconquista.com.br\/index.php?rest_route=\/wp\/v2\/posts\/140786"}],"collection":[{"href":"https:\/\/blitzconquista.com.br\/index.php?rest_route=\/wp\/v2\/posts"}],"about":[{"href":"https:\/\/blitzconquista.com.br\/index.php?rest_route=\/wp\/v2\/types\/post"}],"author":[{"embeddable":true,"href":"https:\/\/blitzconquista.com.br\/index.php?rest_route=\/wp\/v2\/users\/1"}],"replies":[{"embeddable":true,"href":"https:\/\/blitzconquista.com.br\/index.php?rest_route=%2Fwp%2Fv2%2Fcomments&post=140786"}],"version-history":[{"count":2,"href":"https:\/\/blitzconquista.com.br\/index.php?rest_route=\/wp\/v2\/posts\/140786\/revisions"}],"predecessor-version":[{"id":140790,"href":"https:\/\/blitzconquista.com.br\/index.php?rest_route=\/wp\/v2\/posts\/140786\/revisions\/140790"}],"wp:featuredmedia":[{"embeddable":true,"href":"https:\/\/blitzconquista.com.br\/index.php?rest_route=\/wp\/v2\/media\/140788"}],"wp:attachment":[{"href":"https:\/\/blitzconquista.com.br\/index.php?rest_route=%2Fwp%2Fv2%2Fmedia&parent=140786"}],"wp:term":[{"taxonomy":"category","embeddable":true,"href":"https:\/\/blitzconquista.com.br\/index.php?rest_route=%2Fwp%2Fv2%2Fcategories&post=140786"},{"taxonomy":"post_tag","embeddable":true,"href":"https:\/\/blitzconquista.com.br\/index.php?rest_route=%2Fwp%2Fv2%2Ftags&post=140786"}],"curies":[{"name":"wp","href":"https:\/\/api.w.org\/{rel}","templated":true}]}}