{"id":140972,"date":"2026-01-30T23:25:44","date_gmt":"2026-01-31T02:25:44","guid":{"rendered":"https:\/\/blitzconquista.com.br\/?p=140972"},"modified":"2026-01-30T23:25:44","modified_gmt":"2026-01-31T02:25:44","slug":"deputado-waldenor-aciona-a-justica-e-as-policias-federal-e-civil-contra-fake-news","status":"publish","type":"post","link":"https:\/\/blitzconquista.com.br\/?p=140972","title":{"rendered":"Deputado Waldenor aciona a Justi\u00e7a e as Pol\u00edcias Federal e Civil contra fake news"},"content":{"rendered":"<header class=\"entry-header\">\n<div class=\"entry-meta\" style=\"text-align: right;\"><span class=\"byline\">Por<span class=\"author vcard\">\u00a0<a class=\"url fn n\" href=\"https:\/\/sudoestedigital.com.br\/author\/sudoeste-digital\/\">Sudoeste Digital<\/a><\/span><\/span><span class=\"posted-on\">\u00a0postado em\u00a0<a href=\"https:\/\/sudoestedigital.com.br\/plantao-deputado-waldenor-aciona-a-justica-e-as-policias-federal-e-civil-contra-fake-news\/\" rel=\"bookmark\"><time class=\"entry-date published updated\" datetime=\"2026-01-29T18:01:05-03:00\">29 de janeiro de 2026<\/time><\/a><\/span>\u00a0\u00e0s\u00a018:01<\/div>\n<\/header>\n<div class=\"entry-content\">\n<p><img decoding=\"async\" loading=\"lazy\" class=\"size-medium wp-image-67817 aligncenter\" src=\"https:\/\/sudoestedigital.com.br\/wp-content\/uploads\/2026\/01\/055094a4-637c-43c2-9b42-2da5a5d0f473-453x340.jpeg\" sizes=\"(max-width: 453px) 100vw, 453px\" srcset=\"https:\/\/sudoestedigital.com.br\/wp-content\/uploads\/2026\/01\/055094a4-637c-43c2-9b42-2da5a5d0f473-453x340.jpeg 453w, https:\/\/sudoestedigital.com.br\/wp-content\/uploads\/2026\/01\/055094a4-637c-43c2-9b42-2da5a5d0f473-580x435.jpeg 580w, https:\/\/sudoestedigital.com.br\/wp-content\/uploads\/2026\/01\/055094a4-637c-43c2-9b42-2da5a5d0f473-768x576.jpeg 768w, https:\/\/sudoestedigital.com.br\/wp-content\/uploads\/2026\/01\/055094a4-637c-43c2-9b42-2da5a5d0f473.jpeg 1200w\" alt=\"\" width=\"453\" height=\"340\" \/><\/p>\n<p>Mal come\u00e7ou 2026, ano eleitoral, e j\u00e1 surgem as fake news.\u00a0<span id=\"more-67815\"><\/span>Desta vez, o alvo foi o deputado federal Waldenor Pereira (PT), atacado por um internauta com falsas acusa\u00e7\u00f5es. O parlamentar reagiu imediatamente, ingressando com a\u00e7\u00e3o c\u00edvel na Justi\u00e7a e registrando queixa-crime nas pol\u00edcias Civil e Federal.<\/p>\n<p><img decoding=\"async\" loading=\"lazy\" class=\"size-medium wp-image-67818 aligncenter\" src=\"https:\/\/sudoestedigital.com.br\/wp-content\/uploads\/2026\/01\/24f96984-7734-4957-a067-f736085fb354-453x340.jpeg\" sizes=\"(max-width: 453px) 100vw, 453px\" srcset=\"https:\/\/sudoestedigital.com.br\/wp-content\/uploads\/2026\/01\/24f96984-7734-4957-a067-f736085fb354-453x340.jpeg 453w, https:\/\/sudoestedigital.com.br\/wp-content\/uploads\/2026\/01\/24f96984-7734-4957-a067-f736085fb354-580x435.jpeg 580w, https:\/\/sudoestedigital.com.br\/wp-content\/uploads\/2026\/01\/24f96984-7734-4957-a067-f736085fb354-768x576.jpeg 768w, https:\/\/sudoestedigital.com.br\/wp-content\/uploads\/2026\/01\/24f96984-7734-4957-a067-f736085fb354.jpeg 1200w\" alt=\"\" width=\"453\" height=\"340\" \/><\/p>\n<p>Nesta quinta-feira (29), Waldenor levou o caso ao diretor regional da Pol\u00edcia Civil, Roberto J\u00fanior. Ontem (28 ), tratou da quest\u00e3o com o delegado-chefe da Pol\u00edcia Federal em Vit\u00f3ria da Conquista, R\u00f4mulo Sossai Berguer. Nas duas reuni\u00f5es eles esteve acompanhado do advogado Alexandre Pereira, do dirigente do Diret\u00f3rio Nacional do PT, Isaac Bonfim, e da presidente do PT municipal, vereadora M\u00e1rcia Viviane Ara\u00fajo.<\/p>\n<p>\u201cN\u00e3o vamos tolerar essa pr\u00e1tica abomin\u00e1vel e antidemocr\u00e1tica. A fake news \u00e9 usada para atentar contra a honra das pessoas e tentar interferir nos processos eleitorais. Por isso, estamos recorrendo \u00e0 pol\u00edcia e \u00e0 Justi\u00e7a, que dar\u00e3o a resposta necess\u00e1ria\u201d, afirmou o deputado.<\/p>\n<\/div>\n","protected":false},"excerpt":{"rendered":"<p>Por\u00a0Sudoeste Digital\u00a0postado em\u00a029 de janeiro de 2026\u00a0\u00e0s\u00a018:01 Mal come\u00e7ou 2026, ano eleitoral, e j\u00e1 surgem as fake news.\u00a0Desta vez, o alvo foi o deputado federal Waldenor Pereira (PT), atacado por um internauta com falsas acusa\u00e7\u00f5es. O parlamentar reagiu imediatamente, ingressando com a\u00e7\u00e3o c\u00edvel na Justi\u00e7a e registrando queixa-crime nas pol\u00edcias Civil e Federal. Nesta quinta-feira [&hellip;]<\/p>\n","protected":false},"author":1,"featured_media":140974,"comment_status":"closed","ping_status":"closed","sticky":false,"template":"","format":"standard","meta":[],"categories":[212,5],"tags":[],"_links":{"self":[{"href":"https:\/\/blitzconquista.com.br\/index.php?rest_route=\/wp\/v2\/posts\/140972"}],"collection":[{"href":"https:\/\/blitzconquista.com.br\/index.php?rest_route=\/wp\/v2\/posts"}],"about":[{"href":"https:\/\/blitzconquista.com.br\/index.php?rest_route=\/wp\/v2\/types\/post"}],"author":[{"embeddable":true,"href":"https:\/\/blitzconquista.com.br\/index.php?rest_route=\/wp\/v2\/users\/1"}],"replies":[{"embeddable":true,"href":"https:\/\/blitzconquista.com.br\/index.php?rest_route=%2Fwp%2Fv2%2Fcomments&post=140972"}],"version-history":[{"count":1,"href":"https:\/\/blitzconquista.com.br\/index.php?rest_route=\/wp\/v2\/posts\/140972\/revisions"}],"predecessor-version":[{"id":140975,"href":"https:\/\/blitzconquista.com.br\/index.php?rest_route=\/wp\/v2\/posts\/140972\/revisions\/140975"}],"wp:featuredmedia":[{"embeddable":true,"href":"https:\/\/blitzconquista.com.br\/index.php?rest_route=\/wp\/v2\/media\/140974"}],"wp:attachment":[{"href":"https:\/\/blitzconquista.com.br\/index.php?rest_route=%2Fwp%2Fv2%2Fmedia&parent=140972"}],"wp:term":[{"taxonomy":"category","embeddable":true,"href":"https:\/\/blitzconquista.com.br\/index.php?rest_route=%2Fwp%2Fv2%2Fcategories&post=140972"},{"taxonomy":"post_tag","embeddable":true,"href":"https:\/\/blitzconquista.com.br\/index.php?rest_route=%2Fwp%2Fv2%2Ftags&post=140972"}],"curies":[{"name":"wp","href":"https:\/\/api.w.org\/{rel}","templated":true}]}}