{"id":141744,"date":"2026-04-27T15:49:52","date_gmt":"2026-04-27T18:49:52","guid":{"rendered":"https:\/\/blitzconquista.com.br\/?p=141744"},"modified":"2026-04-27T16:15:58","modified_gmt":"2026-04-27T19:15:58","slug":"carreta-do-cinema-rodoviario-da-prf-percorre-9-cidades-da-bahia-com-sessoes-gratuitas-de-educacao-no-transito","status":"publish","type":"post","link":"https:\/\/blitzconquista.com.br\/?p=141744","title":{"rendered":"Carreta do Cinema Rodovi\u00e1rio da PRF percorre 9 cidades da Bahia com sess\u00f5es gratuitas de educa\u00e7\u00e3o no tr\u00e2nsito"},"content":{"rendered":"<div id=\"viewlet-above-content-body\">\n<div id=\"media\"><img decoding=\"async\" loading=\"lazy\" class=\"aligncenter\" src=\"https:\/\/www.gov.br\/prf\/pt-br\/noticias\/estaduais\/bahia\/2026\/abril\/carreta-do-cinema-rodoviario-da-prf-percorre-9-cidades-da-bahia-com-sessoes-gratuitas-de-educacao-no-transito\/whatsapp-image-2026-04-25-at-15-29-28.jpeg\/@@images\/a4269b1f-9806-4b27-b69a-d57a6fda4564.jpeg\" alt=\"WhatsApp Image 2026-04-25 at 15.29.28.jpeg\" width=\"768\" height=\"544\" \/><\/div>\n<\/div>\n<div id=\"content-core\">\n<div id=\"parent-fieldname-text\" class=\"\">\n<div>\n<p align=\"justify\">APol\u00edcia Rodovi\u00e1ria Federal (PRF) inicia, no dia 1\u00ba de maio, uma jornada educativa in\u00e9dita por nove munic\u00edpios baianos. Atrav\u00e9s da Carreta do Cinema Rodovi\u00e1rio, uma unidade m\u00f3vel de \u00faltima gera\u00e7\u00e3o e \u00fanica no pa\u00eds, a institui\u00e7\u00e3o levar\u00e1 cinema profissional e conscientiza\u00e7\u00e3o sobre seguran\u00e7a vi\u00e1ria para estudantes e comunidades locais durante todo o m\u00eas de maio, em alus\u00e3o ao movimento Maio Amarelo 2026.<\/p>\n<p align=\"justify\">A turn\u00ea come\u00e7a por Vit\u00f3ria da Conquista e seguir\u00e1 um cronograma que inclui as cidades de Sapea\u00e7u, Cabaceiras do Paragua\u00e7u, Cruz das Almas, Feira de Santana, Santo Estev\u00e3o, Serrinha, Jacobina e, por fim, Capim Grosso.<\/p>\n<p class=\"callout\" align=\"justify\"><b>Tecnologia a servi\u00e7o da vida<\/b><\/p>\n<p align=\"justify\">Muito mais que um ve\u00edculo, a Carreta \u00e9 um centro educacional sob rodas de alta tecnologia. O espa\u00e7o possui:<\/p>\n<ul>\n<li>Estrutura 100% climatizada;<\/li>\n<li>Tel\u00e3o e projetor de alta defini\u00e7\u00e3o com som profissional;<\/li>\n<li>Capacidade para 48 pessoas por sess\u00e3o;<\/li>\n<li>Acessibilidade total para pessoas com defici\u00eancia ou mobilidade reduzida;<\/li>\n<\/ul>\n<dl class=\"image-inline captioned caption-center\">\n<dt><img decoding=\"async\" loading=\"lazy\" class=\"aligncenter\" src=\"https:\/\/www.gov.br\/prf\/pt-br\/noticias\/estaduais\/bahia\/2026\/abril\/carreta-do-cinema-rodoviario-da-prf-percorre-9-cidades-da-bahia-com-sessoes-gratuitas-de-educacao-no-transito\/WhatsAppImage20260425at16.01.56.jpeg\/@@images\/0484f542-91b2-4149-8df7-b2f6a6334dda.jpeg\" alt=\"CARRETA CINEMA RODOVI\u00c1RIO PRF\" width=\"1298\" height=\"1599\" \/><\/dt>\n<dd class=\"image-caption\">CARRETA CINEMA RODOVI\u00c1RIO PRF<\/dd>\n<\/dl>\n<p class=\"callout\"><strong>Educa\u00e7\u00e3o e Entretenimento<\/strong><\/p>\n<p>A estrat\u00e9gia da PRF \u00e9 utilizar o &#8220;infotenimento&#8221; \u2014 a jun\u00e7\u00e3o de informa\u00e7\u00e3o com entretenimento \u2014 para sensibilizar o p\u00fablico de forma l\u00fadica. As sess\u00f5es contam com a exibi\u00e7\u00e3o de v\u00eddeos din\u00e2micos sobre temas cr\u00edticos, como o perigo da mistura entre \u00e1lcool e dire\u00e7\u00e3o, a ultrapassagem indevida, o uso do celular ao volante, excesso de velocidade e a import\u00e2ncia dos dispositivos de reten\u00e7\u00e3o para crian\u00e7as (cadeirinhas).<\/p>\n<p align=\"justify\">Ap\u00f3s as exibi\u00e7\u00f5es, policiais rodovi\u00e1rios federais realizam palestras interativas, abrindo espa\u00e7o para o di\u00e1logo e tirando d\u00favidas dos participantes. Para o chefe do Grupo de Educa\u00e7\u00e3o para o Tr\u00e2nsito (GETRAN BA), PRF Cl\u00edstenes Silva, a unidade itinerante de educa\u00e7\u00e3o para o tr\u00e2nsito proporciona experi\u00eancias educativas que unem cultura e cidadania, levando informa\u00e7\u00e3o e conscientiza\u00e7\u00e3o \u00e0 popula\u00e7\u00e3o. \u201cA unidade itinerante \u00e9 uma das nossas principais ferramentas para levar educa\u00e7\u00e3o de forma l\u00fadica e interativa a diversas regi\u00f5es. O objetivo \u00e9 ensinar no\u00e7\u00f5es de seguran\u00e7a vi\u00e1ria a pedestres, ciclistas, motoristas e tamb\u00e9m aos futuros condutores, utilizando o cinema para conectar o entretenimento \u00e0 conscientiza\u00e7\u00e3o, garantindo que a informa\u00e7\u00e3o sobre o respeito \u00e0s leis de tr\u00e2nsito chegue de forma leve e eficaz \u00e0s fam\u00edlias baianas\u201d, ressaltou Cl\u00edstenes.<\/p>\n<p class=\"callout\"><strong>Hist\u00f3rico de impacto<\/strong><\/p>\n<p>A Carreta chega \u00e0 Bahia ap\u00f3s um ano de n\u00fameros expressivos. Em 2025, a unidade percorreu mais de 41 mil quil\u00f4metros, visitando 11 estados brasileiros e alcan\u00e7ando milhares de cidad\u00e3os, consolidando-se como uma das a\u00e7\u00f5es de educa\u00e7\u00e3o para o tr\u00e2nsito mais eficazes do pa\u00eds.<\/p>\n<p class=\"callout\"><b>CRONOGRAMA<\/b><\/p>\n<p>&nbsp;<\/p>\n<p><b><img decoding=\"async\" loading=\"lazy\" src=\"https:\/\/www.gov.br\/prf\/pt-br\/noticias\/estaduais\/bahia\/2026\/abril\/WhatsAppImage20260425at15.29.28.jpeg\/@@images\/60eee32f-31cb-45ec-9795-d24180d63938.jpeg\" alt=\"CRONOGRAMA CARRETA CINEMA RODOVI\u00c1RIO NA BAHIA\" width=\"1080\" height=\"1080\" \/>CRONOGRAMA CARRETA CINEMA RODOVI\u00c1RIO NA BAHIA<\/b><\/p>\n<\/div>\n<\/div>\n<\/div>\n","protected":false},"excerpt":{"rendered":"<p>APol\u00edcia Rodovi\u00e1ria Federal (PRF) inicia, no dia 1\u00ba de maio, uma jornada educativa in\u00e9dita por nove munic\u00edpios baianos. Atrav\u00e9s da Carreta do Cinema Rodovi\u00e1rio, uma unidade m\u00f3vel de \u00faltima gera\u00e7\u00e3o e \u00fanica no pa\u00eds, a institui\u00e7\u00e3o levar\u00e1 cinema profissional e conscientiza\u00e7\u00e3o sobre seguran\u00e7a vi\u00e1ria para estudantes e comunidades locais durante todo o m\u00eas de maio, [&hellip;]<\/p>\n","protected":false},"author":1,"featured_media":141746,"comment_status":"closed","ping_status":"closed","sticky":false,"template":"","format":"standard","meta":[],"categories":[212,7],"tags":[],"_links":{"self":[{"href":"https:\/\/blitzconquista.com.br\/index.php?rest_route=\/wp\/v2\/posts\/141744"}],"collection":[{"href":"https:\/\/blitzconquista.com.br\/index.php?rest_route=\/wp\/v2\/posts"}],"about":[{"href":"https:\/\/blitzconquista.com.br\/index.php?rest_route=\/wp\/v2\/types\/post"}],"author":[{"embeddable":true,"href":"https:\/\/blitzconquista.com.br\/index.php?rest_route=\/wp\/v2\/users\/1"}],"replies":[{"embeddable":true,"href":"https:\/\/blitzconquista.com.br\/index.php?rest_route=%2Fwp%2Fv2%2Fcomments&post=141744"}],"version-history":[{"count":2,"href":"https:\/\/blitzconquista.com.br\/index.php?rest_route=\/wp\/v2\/posts\/141744\/revisions"}],"predecessor-version":[{"id":141748,"href":"https:\/\/blitzconquista.com.br\/index.php?rest_route=\/wp\/v2\/posts\/141744\/revisions\/141748"}],"wp:featuredmedia":[{"embeddable":true,"href":"https:\/\/blitzconquista.com.br\/index.php?rest_route=\/wp\/v2\/media\/141746"}],"wp:attachment":[{"href":"https:\/\/blitzconquista.com.br\/index.php?rest_route=%2Fwp%2Fv2%2Fmedia&parent=141744"}],"wp:term":[{"taxonomy":"category","embeddable":true,"href":"https:\/\/blitzconquista.com.br\/index.php?rest_route=%2Fwp%2Fv2%2Fcategories&post=141744"},{"taxonomy":"post_tag","embeddable":true,"href":"https:\/\/blitzconquista.com.br\/index.php?rest_route=%2Fwp%2Fv2%2Ftags&post=141744"}],"curies":[{"name":"wp","href":"https:\/\/api.w.org\/{rel}","templated":true}]}}