{"id":141789,"date":"2026-04-30T12:37:14","date_gmt":"2026-04-30T15:37:14","guid":{"rendered":"https:\/\/blitzconquista.com.br\/?p=141789"},"modified":"2026-04-30T12:37:14","modified_gmt":"2026-04-30T15:37:14","slug":"acao-policial-contra-suspeito-armado-resulta-na-apreensao-de-revolver-em-acao-da-77a-cipm","status":"publish","type":"post","link":"https:\/\/blitzconquista.com.br\/?p=141789","title":{"rendered":"A\u00e7\u00e3o policial contra suspeito armado resulta na apreens\u00e3o de rev\u00f3lver em a\u00e7\u00e3o da 77\u00aa CIPM"},"content":{"rendered":"<div class=\"x1rg5ohu x2fvf9\">\n<div>\n<div class=\"html-div xdj266r x14z9mp xat24cr x1lziwak xexx8yu xyri2b x18d9i69 x1c1uobl x9f619 xjbqb8w x1rg5ohu x15mokao x1ga7v0g x16uus16 xbiv7yw x1uhb9sk x1plvlek xryxfnj x1c4vz4f x2lah0s x1oa3qoh\">\n<div class=\"html-div xdj266r x14z9mp xat24cr x1lziwak xexx8yu xyri2b x18d9i69 x1c1uobl x9f619 xjbqb8w x78zum5 x15mokao x1ga7v0g x16uus16 xbiv7yw x1n2onr6 x1plvlek xryxfnj x1c4vz4f x2lah0s x1q0g3np xqjyukv x6s0dn4 x1oa3qoh x1nhvcw1\"><\/div>\n<\/div>\n<\/div>\n<\/div>\n<div><span class=\"_ap3a _aaco _aacu _aacx _aad7 _aade\" dir=\"auto\"><img decoding=\"async\" loading=\"lazy\" class=\"aligncenter size-full wp-image-141791\" src=\"http:\/\/blitzconquista.com.br\/wp-content\/uploads\/2026\/04\/Screenshot-2026-04-30-at-12-37-58-Instagram.png\" alt=\"\" width=\"468\" height=\"586\" srcset=\"https:\/\/blitzconquista.com.br\/wp-content\/uploads\/2026\/04\/Screenshot-2026-04-30-at-12-37-58-Instagram.png 468w, https:\/\/blitzconquista.com.br\/wp-content\/uploads\/2026\/04\/Screenshot-2026-04-30-at-12-37-58-Instagram-240x300.png 240w\" sizes=\"(max-width: 468px) 100vw, 468px\" \/><\/p>\n<p>Na manh\u00e3 deste dia 29\/04, por volta das 11:10h, durante patrulhamento t\u00e1tico de intensifica\u00e7\u00e3o no bairro Vila Elisa, a guarni\u00e7\u00e3o do PETO da 77\u00aa CIPM desenvolveu dilig\u00eancias com base em informa\u00e7\u00f5es previamente levantadas, relacionadas \u00e0 atua\u00e7\u00e3o de um indiv\u00edduo suspeito de envolvimento com o tr\u00e1fico de entorpecentes e crimes contra a vida na localidade.<\/p>\n<p>Ao realizar incurs\u00f5es no per\u00edmetro indicado, a equipe visualizou um homem com caracter\u00edsticas compat\u00edveis \u00e0s descritas, no interior de um im\u00f3vel, portando uma arma de fogo. Ao perceber a aproxima\u00e7\u00e3o da viatura, o suspeito empreendeu fuga para dentro da resid\u00eancia. Diante da situa\u00e7\u00e3o de flagrante e munida de fundadas raz\u00f5es, a guarni\u00e7\u00e3o realizou a entrada t\u00e1tica no im\u00f3vel para averigua\u00e7\u00e3o.<\/p>\n<p>Durante a progress\u00e3o no interior da edifica\u00e7\u00e3o, o indiv\u00edduo efetuou disparos contra os policiais, sendo necess\u00e1rio o revide proporcional por parte da equipe para conter a injusta agress\u00e3o. Ap\u00f3s cessada a interven\u00e7\u00e3o, foi realizada varredura no local, sendo localizada e apreendida uma arma de fogo do tipo rev\u00f3lver, que se encontrava em posse do suspeito.<\/p>\n<p>O indiv\u00edduo foi imediatamente socorrido e encaminhado ao Hospital Geral de Vit\u00f3ria da Conquista. Em seguida, a ocorr\u00eancia foi apresentada na Delegacia de Homic\u00eddios e Prote\u00e7\u00e3o \u00e0 Pessoa (DHPP), onde foram adotadas as medidas legais cab\u00edveis, incluindo a apresenta\u00e7\u00e3o do armamento apreendido.<\/p>\n<p>A a\u00e7\u00e3o refor\u00e7a o compromisso da 77\u00aa CIPM no enfrentamento \u00e0 criminalidade violenta, com atua\u00e7\u00e3o t\u00e9cnica, firme e dentro da legalidade.<\/p>\n<p><\/span><\/div>\n<div><\/div>\n<div><span class=\"_ap3a _aaco _aacu _aacx _aad7 _aade\" dir=\"auto\">FONTE: Ascom &#8211; 77\u00aa CIPM<\/span><\/div>\n","protected":false},"excerpt":{"rendered":"<p>Na manh\u00e3 deste dia 29\/04, por volta das 11:10h, durante patrulhamento t\u00e1tico de intensifica\u00e7\u00e3o no bairro Vila Elisa, a guarni\u00e7\u00e3o do PETO da 77\u00aa CIPM desenvolveu dilig\u00eancias com base em informa\u00e7\u00f5es previamente levantadas, relacionadas \u00e0 atua\u00e7\u00e3o de um indiv\u00edduo suspeito de envolvimento com o tr\u00e1fico de entorpecentes e crimes contra a vida na localidade. Ao [&hellip;]<\/p>\n","protected":false},"author":1,"featured_media":141791,"comment_status":"closed","ping_status":"closed","sticky":false,"template":"","format":"standard","meta":[],"categories":[3],"tags":[],"_links":{"self":[{"href":"https:\/\/blitzconquista.com.br\/index.php?rest_route=\/wp\/v2\/posts\/141789"}],"collection":[{"href":"https:\/\/blitzconquista.com.br\/index.php?rest_route=\/wp\/v2\/posts"}],"about":[{"href":"https:\/\/blitzconquista.com.br\/index.php?rest_route=\/wp\/v2\/types\/post"}],"author":[{"embeddable":true,"href":"https:\/\/blitzconquista.com.br\/index.php?rest_route=\/wp\/v2\/users\/1"}],"replies":[{"embeddable":true,"href":"https:\/\/blitzconquista.com.br\/index.php?rest_route=%2Fwp%2Fv2%2Fcomments&post=141789"}],"version-history":[{"count":1,"href":"https:\/\/blitzconquista.com.br\/index.php?rest_route=\/wp\/v2\/posts\/141789\/revisions"}],"predecessor-version":[{"id":141792,"href":"https:\/\/blitzconquista.com.br\/index.php?rest_route=\/wp\/v2\/posts\/141789\/revisions\/141792"}],"wp:featuredmedia":[{"embeddable":true,"href":"https:\/\/blitzconquista.com.br\/index.php?rest_route=\/wp\/v2\/media\/141791"}],"wp:attachment":[{"href":"https:\/\/blitzconquista.com.br\/index.php?rest_route=%2Fwp%2Fv2%2Fmedia&parent=141789"}],"wp:term":[{"taxonomy":"category","embeddable":true,"href":"https:\/\/blitzconquista.com.br\/index.php?rest_route=%2Fwp%2Fv2%2Fcategories&post=141789"},{"taxonomy":"post_tag","embeddable":true,"href":"https:\/\/blitzconquista.com.br\/index.php?rest_route=%2Fwp%2Fv2%2Ftags&post=141789"}],"curies":[{"name":"wp","href":"https:\/\/api.w.org\/{rel}","templated":true}]}}