{"id":143706,"date":"2026-09-02T11:30:23","date_gmt":"2026-09-02T14:30:23","guid":{"rendered":"https:\/\/blitzconquista.com.br\/?p=143706"},"modified":"2026-09-02T11:30:23","modified_gmt":"2026-09-02T14:30:23","slug":"policia-civil-apreende-dois-adolescentes-investigados-por-violencia-sexual-em-queimadas","status":"publish","type":"post","link":"https:\/\/blitzconquista.com.br\/?p=143706","title":{"rendered":"Pol\u00edcia Civil apreende dois adolescentes investigados por viol\u00eancia sexual em Queimadas"},"content":{"rendered":"<h3 style=\"text-align: center;\">Justi\u00e7a determinou interna\u00e7\u00e3o provis\u00f3ria ap\u00f3s apura\u00e7\u00e3o sobre ocorr\u00eancia envolvendo adolescente de 12 anos<\/h3>\n<figure id=\"attachment_143708\" aria-describedby=\"caption-attachment-143708\" style=\"width: 696px\" class=\"wp-caption aligncenter\"><img decoding=\"async\" loading=\"lazy\" class=\"size-full wp-image-143708\" src=\"http:\/\/blitzconquista.com.br\/wp-content\/uploads\/2026\/09\/17211b3a-9b7d-4538-b084-ee13b359fa70.jpeg\" alt=\"\" width=\"696\" height=\"375\" srcset=\"https:\/\/blitzconquista.com.br\/wp-content\/uploads\/2026\/09\/17211b3a-9b7d-4538-b084-ee13b359fa70.jpeg 696w, https:\/\/blitzconquista.com.br\/wp-content\/uploads\/2026\/09\/17211b3a-9b7d-4538-b084-ee13b359fa70-300x162.jpeg 300w\" sizes=\"(max-width: 696px) 100vw, 696px\" \/><figcaption id=\"caption-attachment-143708\" class=\"wp-caption-text\">Foto: Imagem Ilustrativa\/Ascom-PCBA<\/figcaption><\/figure>\n<p>Dois adolescentes, ambos de 13 anos, foram apreendidos pela Pol\u00edcia Civil nesta ter\u00e7a-feira (1\u00ba), em uma localidade na zona rural de Queimadas, em cumprimento a mandados de interna\u00e7\u00e3o provis\u00f3ria. Eles s\u00e3o investigados por ato infracional an\u00e1logo ao crime de estupro de vulner\u00e1vel contra uma adolescente de 12 anos, ocorrido no dia 19 de agosto deste ano.<\/p>\n<p>As investiga\u00e7\u00f5es apontaram a participa\u00e7\u00e3o direta dos dois adolescentes. Segundo o que foi apurado, a v\u00edtima foi atra\u00edda at\u00e9 o local sob o pretexto de um encontro amoroso com um dos investigados. Ao chegar, por\u00e9m, foi cercada pelos adolescentes, que estavam acompanhados por um grupo de pelo menos outros dez suspeitos, todos com idade inferior a 13 anos \u00e0 \u00e9poca dos fatos.<\/p>\n<p>A Justi\u00e7a acolheu a representa\u00e7\u00e3o policial e a manifesta\u00e7\u00e3o do Minist\u00e9rio P\u00fablico, decretando a interna\u00e7\u00e3o provis\u00f3ria dos dois adolescentes. Tamb\u00e9m foram determinadas medidas destinadas \u00e0 prote\u00e7\u00e3o da v\u00edtima, incluindo a proibi\u00e7\u00e3o de aproxima\u00e7\u00e3o e contato com a adolescente, seus familiares e testemunhas, bem como a proibi\u00e7\u00e3o de frequentar locais habitualmente frequentados pela ofendida. Em rela\u00e7\u00e3o aos demais envolvidos, foram adotadas as provid\u00eancias cab\u00edveis, conforme a idade e a situa\u00e7\u00e3o individual de cada um.<\/p>\n<p>Os adolescentes foram apreendidos por equipes da Delegacia Territorial (DT\/Queimadas), vinculada \u00e0 19\u00aa Coordenadoria Regional de Pol\u00edcia do Interior (19\u00aa COORPIN\/Senhor do Bonfim), e encaminhados \u00e0 unidade socioeducativa indicada pela Justi\u00e7a, seguindo as garantias previstas no Estatuto da Crian\u00e7a e do Adolescente (ECA), especialmente quanto \u00e0 preserva\u00e7\u00e3o da dignidade e da integridade f\u00edsica e psicol\u00f3gica dos adolescentes.<\/p>\n<p>&nbsp;<\/p>\n<p>Cristina Laura \/ Ascom-PCBA<\/p>\n","protected":false},"excerpt":{"rendered":"<p>Justi\u00e7a determinou interna\u00e7\u00e3o provis\u00f3ria ap\u00f3s apura\u00e7\u00e3o sobre ocorr\u00eancia envolvendo adolescente de 12 anos Dois adolescentes, ambos de 13 anos, foram apreendidos pela Pol\u00edcia Civil nesta ter\u00e7a-feira (1\u00ba), em uma localidade na zona rural de Queimadas, em cumprimento a mandados de interna\u00e7\u00e3o provis\u00f3ria. Eles s\u00e3o investigados por ato infracional an\u00e1logo ao crime de estupro de vulner\u00e1vel [&hellip;]<\/p>\n","protected":false},"author":1,"featured_media":143708,"comment_status":"closed","ping_status":"closed","sticky":false,"template":"","format":"standard","meta":[],"categories":[3],"tags":[],"_links":{"self":[{"href":"https:\/\/blitzconquista.com.br\/index.php?rest_route=\/wp\/v2\/posts\/143706"}],"collection":[{"href":"https:\/\/blitzconquista.com.br\/index.php?rest_route=\/wp\/v2\/posts"}],"about":[{"href":"https:\/\/blitzconquista.com.br\/index.php?rest_route=\/wp\/v2\/types\/post"}],"author":[{"embeddable":true,"href":"https:\/\/blitzconquista.com.br\/index.php?rest_route=\/wp\/v2\/users\/1"}],"replies":[{"embeddable":true,"href":"https:\/\/blitzconquista.com.br\/index.php?rest_route=%2Fwp%2Fv2%2Fcomments&post=143706"}],"version-history":[{"count":1,"href":"https:\/\/blitzconquista.com.br\/index.php?rest_route=\/wp\/v2\/posts\/143706\/revisions"}],"predecessor-version":[{"id":143709,"href":"https:\/\/blitzconquista.com.br\/index.php?rest_route=\/wp\/v2\/posts\/143706\/revisions\/143709"}],"wp:featuredmedia":[{"embeddable":true,"href":"https:\/\/blitzconquista.com.br\/index.php?rest_route=\/wp\/v2\/media\/143708"}],"wp:attachment":[{"href":"https:\/\/blitzconquista.com.br\/index.php?rest_route=%2Fwp%2Fv2%2Fmedia&parent=143706"}],"wp:term":[{"taxonomy":"category","embeddable":true,"href":"https:\/\/blitzconquista.com.br\/index.php?rest_route=%2Fwp%2Fv2%2Fcategories&post=143706"},{"taxonomy":"post_tag","embeddable":true,"href":"https:\/\/blitzconquista.com.br\/index.php?rest_route=%2Fwp%2Fv2%2Ftags&post=143706"}],"curies":[{"name":"wp","href":"https:\/\/api.w.org\/{rel}","templated":true}]}}