{"id":143749,"date":"2026-09-04T11:08:20","date_gmt":"2026-09-04T14:08:20","guid":{"rendered":"https:\/\/blitzconquista.com.br\/?p=143749"},"modified":"2026-09-04T11:08:20","modified_gmt":"2026-09-04T14:08:20","slug":"motocicleta-e-removida-apos-condutor-ser-flagrado-com-farol-apagado-e-denunciado-por-manobras-perigosas-em-belo-campo","status":"publish","type":"post","link":"https:\/\/blitzconquista.com.br\/?p=143749","title":{"rendered":"Motocicleta \u00e9 removida ap\u00f3s condutor ser flagrado com farol apagado e denunciado por manobras perigosas em Belo Campo"},"content":{"rendered":"<div class=\"flex max-w-full flex-col gap-4 grow\">\n<div class=\"min-h-8 text-message relative flex w-full flex-col items-end gap-2 text-start break-words whitespace-normal outline-none keyboard-focused:focus-ring [.text-message+&amp;]:mt-1\" dir=\"auto\" tabindex=\"0\" data-message-author-role=\"assistant\" data-message-id=\"808a89d5-1531-4859-8a9e-191b847f2f1c\" data-message-model-slug=\"gpt-5-6\" data-turn-start-message=\"true\">\n<div class=\"flex w-full flex-col gap-1 empty:hidden\">\n<div class=\"markdown prose dark:prose-invert wrap-break-word w-full light markdown-new-styling\">\n<figure id=\"attachment_143751\" aria-describedby=\"caption-attachment-143751\" style=\"width: 700px\" class=\"wp-caption aligncenter\"><img decoding=\"async\" loading=\"lazy\" class=\"wp-image-143751\" src=\"http:\/\/blitzconquista.com.br\/wp-content\/uploads\/2026\/09\/WhatsApp-Image-2026-09-04-at-07.19.48.jpeg\" alt=\"\" width=\"700\" height=\"905\" srcset=\"https:\/\/blitzconquista.com.br\/wp-content\/uploads\/2026\/09\/WhatsApp-Image-2026-09-04-at-07.19.48.jpeg 1063w, https:\/\/blitzconquista.com.br\/wp-content\/uploads\/2026\/09\/WhatsApp-Image-2026-09-04-at-07.19.48-232x300.jpeg 232w, https:\/\/blitzconquista.com.br\/wp-content\/uploads\/2026\/09\/WhatsApp-Image-2026-09-04-at-07.19.48-505x653.jpeg 505w, https:\/\/blitzconquista.com.br\/wp-content\/uploads\/2026\/09\/WhatsApp-Image-2026-09-04-at-07.19.48-768x993.jpeg 768w, https:\/\/blitzconquista.com.br\/wp-content\/uploads\/2026\/09\/WhatsApp-Image-2026-09-04-at-07.19.48-990x1280.jpeg 990w\" sizes=\"(max-width: 700px) 100vw, 700px\" \/><figcaption id=\"caption-attachment-143751\" class=\"wp-caption-text\">Imagem: Ascom &#8211; 80\u00aa CIPM<\/figcaption><\/figure>\n<p data-start=\"123\" data-end=\"348\">Uma motocicleta Honda CG 150 Fan, de cor preta, foi removida pela Pol\u00edcia Militar na noite desta quarta-feira (2), em <strong data-start=\"241\" data-end=\"277\">Belo Campo, no sudoeste da Bahia<\/strong>, ap\u00f3s uma abordagem durante patrulhamento na zona urbana do munic\u00edpio.<\/p>\n<p data-start=\"350\" data-end=\"630\">De acordo com informa\u00e7\u00f5es da <strong data-start=\"379\" data-end=\"439\">80\u00aa Companhia Independente de Pol\u00edcia Militar (80\u00aa CIPM)<\/strong>, uma guarni\u00e7\u00e3o do 3\u00ba Pelot\u00e3o avistou a motocicleta circulando com o <strong data-start=\"508\" data-end=\"527\">farol desligado<\/strong> por volta das 21h47. Os policiais realizaram o acompanhamento e abordaram o ve\u00edculo para fiscaliza\u00e7\u00e3o.<\/p>\n<p data-start=\"632\" data-end=\"979\">Durante a ocorr\u00eancia, a equipe constatou que a motocicleta j\u00e1 havia sido alvo de <strong data-start=\"713\" data-end=\"790\">den\u00fancias encaminhadas por meio do WhatsApp funcional da unidade policial<\/strong>. Segundo os relatos, o condutor estaria realizando manobras consideradas perigosas pelas ruas da cidade, incluindo condu\u00e7\u00e3o em alta velocidade, cortes de giro e empinamento da motocicleta.<\/p>\n<p data-start=\"981\" data-end=\"1155\">Ainda conforme a Pol\u00edcia Militar, uma <strong data-start=\"1019\" data-end=\"1058\">imagem publicada em uma rede social<\/strong> tamb\u00e9m havia sido encaminhada \u00e0 guarni\u00e7\u00e3o e mostraria o condutor realizando uma dessas manobras.<\/p>\n<p data-start=\"1157\" data-end=\"1376\">Diante das circunst\u00e2ncias verificadas, a motocicleta foi <strong data-start=\"1214\" data-end=\"1291\">recolhida ao p\u00e1tio do Destacamento da Pol\u00edcia Militar (DPM) de Belo Campo<\/strong>, onde permaneceu retida para a ado\u00e7\u00e3o das medidas administrativas e legais cab\u00edveis.<\/p>\n<p data-start=\"1378\" data-end=\"1474\">Um homem, identificado no registro como condutor da motocicleta, esteve envolvido na ocorr\u00eancia.<\/p>\n<\/div>\n<\/div>\n<\/div>\n<\/div>\n<p data-start=\"1378\" data-end=\"1474\"><img decoding=\"async\" loading=\"lazy\" class=\"aligncenter  wp-image-143752\" src=\"http:\/\/blitzconquista.com.br\/wp-content\/uploads\/2026\/09\/WhatsApp-Image-2026-09-04-at-07.19.47.jpeg\" alt=\"\" width=\"457\" height=\"813\" srcset=\"https:\/\/blitzconquista.com.br\/wp-content\/uploads\/2026\/09\/WhatsApp-Image-2026-09-04-at-07.19.47.jpeg 900w, https:\/\/blitzconquista.com.br\/wp-content\/uploads\/2026\/09\/WhatsApp-Image-2026-09-04-at-07.19.47-169x300.jpeg 169w, https:\/\/blitzconquista.com.br\/wp-content\/uploads\/2026\/09\/WhatsApp-Image-2026-09-04-at-07.19.47-367x653.jpeg 367w, https:\/\/blitzconquista.com.br\/wp-content\/uploads\/2026\/09\/WhatsApp-Image-2026-09-04-at-07.19.47-768x1365.jpeg 768w, https:\/\/blitzconquista.com.br\/wp-content\/uploads\/2026\/09\/WhatsApp-Image-2026-09-04-at-07.19.47-864x1536.jpeg 864w\" sizes=\"(max-width: 457px) 100vw, 457px\" \/><\/p>\n<p data-start=\"1378\" data-end=\"1474\">\n<div class=\"flex max-w-full flex-col gap-4 grow\">\n<div class=\"min-h-8 text-message relative flex w-full flex-col items-end gap-2 text-start break-words whitespace-normal outline-none keyboard-focused:focus-ring [.text-message+&amp;]:mt-1\" dir=\"auto\" tabindex=\"0\" data-message-author-role=\"assistant\" data-message-id=\"808a89d5-1531-4859-8a9e-191b847f2f1c\" data-message-model-slug=\"gpt-5-6\" data-turn-start-message=\"true\">\n<p data-start=\"1476\" data-end=\"1704\" data-is-last-node=\"\" data-is-only-node=\"\">Fonte: Ascom &#8211; 80\u00aa CIPM<\/p>\n<\/div>\n<\/div>\n<div class=\"z-0 flex min-h-[46px] justify-start\"><\/div>\n<div class=\"pointer-events-none -mb-px h-px w-full opacity-0\" aria-hidden=\"true\"><\/div>\n","protected":false},"excerpt":{"rendered":"<p>Uma motocicleta Honda CG 150 Fan, de cor preta, foi removida pela Pol\u00edcia Militar na noite desta quarta-feira (2), em Belo Campo, no sudoeste da Bahia, ap\u00f3s uma abordagem durante patrulhamento na zona urbana do munic\u00edpio. De acordo com informa\u00e7\u00f5es da 80\u00aa Companhia Independente de Pol\u00edcia Militar (80\u00aa CIPM), uma guarni\u00e7\u00e3o do 3\u00ba Pelot\u00e3o avistou [&hellip;]<\/p>\n","protected":false},"author":1,"featured_media":143751,"comment_status":"closed","ping_status":"closed","sticky":false,"template":"","format":"standard","meta":[],"categories":[3],"tags":[],"_links":{"self":[{"href":"https:\/\/blitzconquista.com.br\/index.php?rest_route=\/wp\/v2\/posts\/143749"}],"collection":[{"href":"https:\/\/blitzconquista.com.br\/index.php?rest_route=\/wp\/v2\/posts"}],"about":[{"href":"https:\/\/blitzconquista.com.br\/index.php?rest_route=\/wp\/v2\/types\/post"}],"author":[{"embeddable":true,"href":"https:\/\/blitzconquista.com.br\/index.php?rest_route=\/wp\/v2\/users\/1"}],"replies":[{"embeddable":true,"href":"https:\/\/blitzconquista.com.br\/index.php?rest_route=%2Fwp%2Fv2%2Fcomments&post=143749"}],"version-history":[{"count":1,"href":"https:\/\/blitzconquista.com.br\/index.php?rest_route=\/wp\/v2\/posts\/143749\/revisions"}],"predecessor-version":[{"id":143753,"href":"https:\/\/blitzconquista.com.br\/index.php?rest_route=\/wp\/v2\/posts\/143749\/revisions\/143753"}],"wp:featuredmedia":[{"embeddable":true,"href":"https:\/\/blitzconquista.com.br\/index.php?rest_route=\/wp\/v2\/media\/143751"}],"wp:attachment":[{"href":"https:\/\/blitzconquista.com.br\/index.php?rest_route=%2Fwp%2Fv2%2Fmedia&parent=143749"}],"wp:term":[{"taxonomy":"category","embeddable":true,"href":"https:\/\/blitzconquista.com.br\/index.php?rest_route=%2Fwp%2Fv2%2Fcategories&post=143749"},{"taxonomy":"post_tag","embeddable":true,"href":"https:\/\/blitzconquista.com.br\/index.php?rest_route=%2Fwp%2Fv2%2Ftags&post=143749"}],"curies":[{"name":"wp","href":"https:\/\/api.w.org\/{rel}","templated":true}]}}