{"id":23255,"date":"2014-04-25T11:09:59","date_gmt":"2014-04-25T14:09:59","guid":{"rendered":"http:\/\/blitzconquista.com.br\/?p=23255"},"modified":"2014-04-25T11:09:59","modified_gmt":"2014-04-25T14:09:59","slug":"simtrans-fecha-o-cerco-contra-o-transporte-clandestino-e-apreende-van","status":"publish","type":"post","link":"https:\/\/blitzconquista.com.br\/?p=23255","title":{"rendered":"Simtrans fecha o cerco contra o transporte clandestino e apreende van"},"content":{"rendered":"<p>Aproximadamente 20 vans utilizadas no transporte clandestino de passageiros foram apreendidas, at\u00e9 a manh\u00e3 dessa sexta-feira (25), pelo Simtrans de Vit\u00f3ria da Conquista. De acordo com o Coordenador de Tr\u00e2nsito, Herling Concei\u00e7\u00e3o, a opera\u00e7\u00e3o visa combater o transporte clandestino e garantir a seguran\u00e7a dos passageiros. A intensifica\u00e7\u00e3o na fiscaliza\u00e7\u00e3o das vans deu-se in\u00edcio desde que o decreto espec\u00edfico para esse tipo de irregularidade foi publicado pelo Governo Municipal.<br \/>\nOs ve\u00edculos est\u00e3o sendo guinchados e guardados em um dos P\u00e1tios da PRE, informou Herling.<\/p>\n<p style=\"text-align: left;\"><a href=\"http:\/\/blitzconquista.com.br\/wp-content\/uploads\/2014\/04\/image3.jpg\"><img decoding=\"async\" loading=\"lazy\" class=\"size-medium wp-image-23257 aligncenter\" src=\"http:\/\/blitzconquista.com.br\/wp-content\/uploads\/2014\/04\/image3-406x305.jpg\" alt=\"image\" width=\"406\" height=\"305\" \/><\/a><\/p>\n<p style=\"text-align: left;\">As blitzes do Simtrans est\u00e3o sendo realizadas em pontos estrat\u00e9gicos da cidade, mesmo assim muitos motoristas de vans fogem dos agentes de tr\u00e2nsitos com manobras arriscadas, colocando em risco a vida dos passageiros a bordo, de pedestres e outros condutores.<\/p>\n","protected":false},"excerpt":{"rendered":"<p>Aproximadamente 20 vans utilizadas no transporte clandestino de passageiros foram apreendidas, at\u00e9 a manh\u00e3 dessa sexta-feira (25), pelo Simtrans de Vit\u00f3ria da Conquista. De acordo com o Coordenador de Tr\u00e2nsito, Herling Concei\u00e7\u00e3o, a opera\u00e7\u00e3o visa combater o transporte clandestino e garantir a seguran\u00e7a dos passageiros. A intensifica\u00e7\u00e3o na fiscaliza\u00e7\u00e3o das vans deu-se in\u00edcio desde que [&hellip;]<\/p>\n","protected":false},"author":1,"featured_media":23256,"comment_status":"open","ping_status":"open","sticky":false,"template":"","format":"standard","meta":[],"categories":[7],"tags":[],"_links":{"self":[{"href":"https:\/\/blitzconquista.com.br\/index.php?rest_route=\/wp\/v2\/posts\/23255"}],"collection":[{"href":"https:\/\/blitzconquista.com.br\/index.php?rest_route=\/wp\/v2\/posts"}],"about":[{"href":"https:\/\/blitzconquista.com.br\/index.php?rest_route=\/wp\/v2\/types\/post"}],"author":[{"embeddable":true,"href":"https:\/\/blitzconquista.com.br\/index.php?rest_route=\/wp\/v2\/users\/1"}],"replies":[{"embeddable":true,"href":"https:\/\/blitzconquista.com.br\/index.php?rest_route=%2Fwp%2Fv2%2Fcomments&post=23255"}],"version-history":[{"count":0,"href":"https:\/\/blitzconquista.com.br\/index.php?rest_route=\/wp\/v2\/posts\/23255\/revisions"}],"wp:featuredmedia":[{"embeddable":true,"href":"https:\/\/blitzconquista.com.br\/index.php?rest_route=\/"}],"wp:attachment":[{"href":"https:\/\/blitzconquista.com.br\/index.php?rest_route=%2Fwp%2Fv2%2Fmedia&parent=23255"}],"wp:term":[{"taxonomy":"category","embeddable":true,"href":"https:\/\/blitzconquista.com.br\/index.php?rest_route=%2Fwp%2Fv2%2Fcategories&post=23255"},{"taxonomy":"post_tag","embeddable":true,"href":"https:\/\/blitzconquista.com.br\/index.php?rest_route=%2Fwp%2Fv2%2Ftags&post=23255"}],"curies":[{"name":"wp","href":"https:\/\/api.w.org\/{rel}","templated":true}]}}