{"id":23259,"date":"2014-04-26T18:24:44","date_gmt":"2014-04-26T21:24:44","guid":{"rendered":"http:\/\/blitzconquista.com.br\/?p=23259"},"modified":"2014-04-26T18:24:44","modified_gmt":"2014-04-26T21:24:44","slug":"opiniao-servidor-publico-faz-criticas-a-crise-na-seguranca-a-aplicacao-das-leis-e-ao-governo","status":"publish","type":"post","link":"https:\/\/blitzconquista.com.br\/?p=23259","title":{"rendered":"OPINI\u00c3O: Servidor p\u00fablico faz cr\u00edticas a crise na Seguran\u00e7a, a aplica\u00e7\u00e3o das leis e ao Governo"},"content":{"rendered":"<p>F\u00e1bio Ante ao caos instalado pela intransig\u00eancia governamental, causada pela atual inseguran\u00e7a p\u00fablica, cumpri-nos refrescar a mem\u00f3ria dos cr\u00edticos de plant\u00e3o, haja vista, este pa\u00eds ser a muito tempo moradia do erro, do desacerto, da imoralidade e, principalmente dos desrespeitos \u00e1s leis e institui\u00e7\u00f5es p\u00fablicas institucionalizadas. Avaliarmos de forma decrescente as muitas decis\u00f5es, v\u00e1rias inclusive judiciais, n\u00e3o terem nenhum valor neste pa\u00eds. O Mensal\u00e3o foi esc\u00e2ndalo de corrup\u00e7\u00e3o pol\u00edtica mediante compra de votos de parlamentares no Congresso Nacional Brasileiro, ocorrido entre 2005 e 2006, teve como protagonistas alguns integrantes do governo do ent\u00e3o presidente \u201dLu\u00eds In\u00e1cio\u201d ou simplesmente, Lula; em que membros do Partido dos Trabalhadores e de outros partidos, foram processados e julgados, conforme a\u00e7\u00e3o penal de n\u00famero 470, movida pelo Minist\u00e9rio P\u00fablico no Supremo Tribunal Federal. Entretanto o que vimos e observamos foi que: O Supremo Tribunal Federal jamais puniu realmente ou condenou criminalmente qualquer autoridade que tivesse sido ali denunciada, pois estes se beneficiaram das pr\u00f3prias inger\u00eancias do governo, onde muitos dos envolvidos sequer foram presos, tendo inclusive existido at\u00e9 uma vaquinha para repor o dinheiro desviado, assumido o tribunal um papel desmoralizante ante as penas pecuni\u00e1rias impostas. S\u00f3 Podemos e, evidentemente devemos lamentar o fato de haver tantas pessoas dispostas a ajudar criminosos condenados a reunir milh\u00f5es de reais, enquanto outras causas muito mais nobres enfrentam dificuldades quase insuper\u00e1veis para levantar uma fra\u00e7\u00e3o do que os mensaleiros arrecadaram em poucos dias. N\u00e3o obstante, n\u00e3o conseguimos entender como pode um Pa\u00eds afirmar n\u00e3o ter recursos para educa\u00e7\u00e3o, sa\u00fade e principalmente seguran\u00e7a p\u00fablica e, dar um passo gigantesco de aproxima\u00e7\u00e3o com Cuba, em que houve uma assinatura concedendo um cr\u00e9dito de 176 milh\u00f5es de d\u00f3lares para modernizar cinco aeroportos cubanos, nesta mesma linha de racioc\u00ednio nos assustamos mais ainda quando vemos a participa\u00e7\u00e3o de uma alta autoridade em uma marcha de apologia ao crime, pois A Comiss\u00e3o de Seguran\u00e7a P\u00fablica da C\u00e2mara dos Deputados chegou a aprovar um requerimento convocando o ent\u00e3o ministro do Meio Ambiente, Carlos Minc, para explicar sua participa\u00e7\u00e3o no Rio de Janeiro da \u201cMarcha da Maconha\u201d; j\u00e1 que o mesmo fazia apologia ao uso da subst\u00e2ncia e pregava a liberaliza\u00e7\u00e3o da maconha, influenciado atrav\u00e9s dessa propaganda e, de forma gen\u00e9rica a utiliza\u00e7\u00e3o de entorpecentes ou drogas afins, configurando o tipo penal de apologia ao crime\u201d, ideia refor\u00e7ada tamb\u00e9m pelo ex- presidente da rep\u00fablica Fernando Henrique Cardoso, o qual afirmou que: \u201cAssim, apoiamos a busca de modelos de regula\u00e7\u00e3o legal porque acreditamos que reduzir\u00e3o o poder do crime organizado e ajudar\u00e3o a proteger a sa\u00fade e a seguran\u00e7a das pessoas\u201d. Entretanto, a pergunta que paira no ar \u00e9: quem vai cuidar destas pessoas quando passarem mal com os efeitos destas drogas? ser\u00e1 o nosso sistema p\u00fablico de sa\u00fade?&#8230; Outra pergunta! E quando tomados pelos efeitos da droga e cometerem atrocidades ser\u00e3o punidos? Ou o uso ser\u00e1 mais uma forma de se liberarem de puni\u00e7\u00f5es da lei?<br \/>\nAl\u00e9m de tudo o que j\u00e1 foi exposto ainda tem que suportar as inger\u00eancias governamentais at\u00e9 mesmo na fam\u00edlia brasileira, ser\u00e1 que o estado realmente tem este direito? Ser\u00e1 que o governo pode realmente opinar sobre educa\u00e7\u00e3o de filhos? Isto n\u00e3o \u00e9 democracia, pois a voc\u00ea como pai e dado o direito de optar pela religi\u00e3o e educa\u00e7\u00e3o que melhor convier a si e aos seus descendentes. Investiu em um conjunto de material did\u00e1tico destinado a combater a homofobia nas escolas, por\u00e9m esqueceu-se de esclarecer a sociedade brasileira que n\u00e3o h\u00e1 lei positivada sob tal tema; que a PLC -122, N\u00c3O FOI APROVADA PELO PLEN\u00c1RIO DA C\u00c2MARA E, que n\u00e3o somos obrigados a cumprir algo t\u00e3o absurdo, pois a verdade \u00e9 que ningu\u00e9m gostaria de ver seus filhos destoarem do que a sociedade considera como normal, portanto este orgulho \u00e9 falacioso, principalmente, quando invade o direito do pr\u00f3ximo de forma t\u00e3o violenta.<br \/>\nEstes s\u00e3o apenas alguns dos muitos casos em que o minist\u00e9rio p\u00fablico deveria agir, mas faz-se de morto, invade nossas vidas quando n\u00e3o deve, mas quando se trata de coisas reais e, realmente importantes faz-se de morto, este quando age de forma atuante, encontra-se impedido pelo judici\u00e1rio, que consequentemente se pron\u00fancia, por\u00e9m encontra-se amarrado pelas inger\u00eancias governamentais, ou seja, neste pa\u00eds reina o caos e a pol\u00edtica de cabresto.<\/p>\n<p><em>F\u00e1bio Menezes \u00e9 professor, funcion\u00e1rio p\u00fablico, licenciado em Matem\u00e1tica e faz bacharelado em Direito<\/em><\/p>\n","protected":false},"excerpt":{"rendered":"<p>F\u00e1bio Ante ao caos instalado pela intransig\u00eancia governamental, causada pela atual inseguran\u00e7a p\u00fablica, cumpri-nos refrescar a mem\u00f3ria dos cr\u00edticos de plant\u00e3o, haja vista, este pa\u00eds ser a muito tempo moradia do erro, do desacerto, da imoralidade e, principalmente dos desrespeitos \u00e1s leis e institui\u00e7\u00f5es p\u00fablicas institucionalizadas. Avaliarmos de forma decrescente as muitas decis\u00f5es, v\u00e1rias inclusive [&hellip;]<\/p>\n","protected":false},"author":1,"featured_media":19722,"comment_status":"open","ping_status":"open","sticky":false,"template":"","format":"standard","meta":[],"categories":[29,5],"tags":[],"_links":{"self":[{"href":"https:\/\/blitzconquista.com.br\/index.php?rest_route=\/wp\/v2\/posts\/23259"}],"collection":[{"href":"https:\/\/blitzconquista.com.br\/index.php?rest_route=\/wp\/v2\/posts"}],"about":[{"href":"https:\/\/blitzconquista.com.br\/index.php?rest_route=\/wp\/v2\/types\/post"}],"author":[{"embeddable":true,"href":"https:\/\/blitzconquista.com.br\/index.php?rest_route=\/wp\/v2\/users\/1"}],"replies":[{"embeddable":true,"href":"https:\/\/blitzconquista.com.br\/index.php?rest_route=%2Fwp%2Fv2%2Fcomments&post=23259"}],"version-history":[{"count":0,"href":"https:\/\/blitzconquista.com.br\/index.php?rest_route=\/wp\/v2\/posts\/23259\/revisions"}],"wp:featuredmedia":[{"embeddable":true,"href":"https:\/\/blitzconquista.com.br\/index.php?rest_route=\/"}],"wp:attachment":[{"href":"https:\/\/blitzconquista.com.br\/index.php?rest_route=%2Fwp%2Fv2%2Fmedia&parent=23259"}],"wp:term":[{"taxonomy":"category","embeddable":true,"href":"https:\/\/blitzconquista.com.br\/index.php?rest_route=%2Fwp%2Fv2%2Fcategories&post=23259"},{"taxonomy":"post_tag","embeddable":true,"href":"https:\/\/blitzconquista.com.br\/index.php?rest_route=%2Fwp%2Fv2%2Ftags&post=23259"}],"curies":[{"name":"wp","href":"https:\/\/api.w.org\/{rel}","templated":true}]}}