{"id":23343,"date":"2014-04-29T00:56:08","date_gmt":"2014-04-29T03:56:08","guid":{"rendered":"http:\/\/blitzconquista.com.br\/?p=23343"},"modified":"2014-04-29T00:56:08","modified_gmt":"2014-04-29T03:56:08","slug":"quase-uma-tragedia-motorista-ignora-sinalizacao-e-bate-em-van-escolar","status":"publish","type":"post","link":"https:\/\/blitzconquista.com.br\/?p=23343","title":{"rendered":"QUASE UMA TRAG\u00c9DIA: motorista ignora sinaliza\u00e7\u00e3o e bate em van escolar"},"content":{"rendered":"<p>A inobserv\u00e2ncia a sinaliza\u00e7\u00e3o do condutor de um caminh\u00e3o, no cruzamento entre as avenidas Ol\u00edvia Flores e Brasil, resultou no capotamento de uma van escolar , por volta das 12h desta segunda-feira, 28.<img decoding=\"async\" loading=\"lazy\" class=\"aligncenter\" title=\"DSC_0367\" src=\"http:\/\/farm3.staticflickr.com\/2927\/14055740182_ba4ca07b2f.jpg\" alt=\"DSC_0367\" width=\"460\" height=\"305\" \/><br \/>\nDe acordo com testemunhas, a van escolar, modelo Towner, estava na rotat\u00f3ria quando o condutor do caminh\u00e3o ba\u00fa n\u00e3o respeitou a sinaliza\u00e7\u00e3o e passou direto, atingindo o fundo da van e provocando o capotamento do ve\u00edculo.<\/p>\n<p><a title=\"DSC_0369\" href=\"http:\/\/www.flickr.com\/photos\/79838686@N08\/14059388214\/\" rel=\"\"><img decoding=\"async\" loading=\"lazy\" class=\"aligncenter\" title=\"DSC_0369\" src=\"http:\/\/farm8.staticflickr.com\/7305\/14059388214_f89cafd1fa.jpg\" alt=\"DSC_0369\" width=\"460\" height=\"305\" \/><\/a><br \/>\nApenas a condutora da van ferida. Ela sofreu fratura exposta no bra\u00e7o. Apenas uma crian\u00e7a estava no carro, que nada sofreu.<br \/>\nDe acordo com o Coordenador de Tr\u00e2nsito, Herling Concei\u00e7\u00e3o, que esteve no local, a van escolar estava dentro das normas e registrada pelo Simtrans.<\/p>\n","protected":false},"excerpt":{"rendered":"<p>A inobserv\u00e2ncia a sinaliza\u00e7\u00e3o do condutor de um caminh\u00e3o, no cruzamento entre as avenidas Ol\u00edvia Flores e Brasil, resultou no capotamento de uma van escolar , por volta das 12h desta segunda-feira, 28. De acordo com testemunhas, a van escolar, modelo Towner, estava na rotat\u00f3ria quando o condutor do caminh\u00e3o ba\u00fa n\u00e3o respeitou a sinaliza\u00e7\u00e3o [&hellip;]<\/p>\n","protected":false},"author":1,"featured_media":23344,"comment_status":"open","ping_status":"open","sticky":false,"template":"","format":"standard","meta":[],"categories":[7],"tags":[],"_links":{"self":[{"href":"https:\/\/blitzconquista.com.br\/index.php?rest_route=\/wp\/v2\/posts\/23343"}],"collection":[{"href":"https:\/\/blitzconquista.com.br\/index.php?rest_route=\/wp\/v2\/posts"}],"about":[{"href":"https:\/\/blitzconquista.com.br\/index.php?rest_route=\/wp\/v2\/types\/post"}],"author":[{"embeddable":true,"href":"https:\/\/blitzconquista.com.br\/index.php?rest_route=\/wp\/v2\/users\/1"}],"replies":[{"embeddable":true,"href":"https:\/\/blitzconquista.com.br\/index.php?rest_route=%2Fwp%2Fv2%2Fcomments&post=23343"}],"version-history":[{"count":0,"href":"https:\/\/blitzconquista.com.br\/index.php?rest_route=\/wp\/v2\/posts\/23343\/revisions"}],"wp:featuredmedia":[{"embeddable":true,"href":"https:\/\/blitzconquista.com.br\/index.php?rest_route=\/"}],"wp:attachment":[{"href":"https:\/\/blitzconquista.com.br\/index.php?rest_route=%2Fwp%2Fv2%2Fmedia&parent=23343"}],"wp:term":[{"taxonomy":"category","embeddable":true,"href":"https:\/\/blitzconquista.com.br\/index.php?rest_route=%2Fwp%2Fv2%2Fcategories&post=23343"},{"taxonomy":"post_tag","embeddable":true,"href":"https:\/\/blitzconquista.com.br\/index.php?rest_route=%2Fwp%2Fv2%2Ftags&post=23343"}],"curies":[{"name":"wp","href":"https:\/\/api.w.org\/{rel}","templated":true}]}}