{"id":23363,"date":"2014-04-30T00:44:57","date_gmt":"2014-04-30T03:44:57","guid":{"rendered":"http:\/\/blitzconquista.com.br\/?p=23363"},"modified":"2014-04-30T00:44:57","modified_gmt":"2014-04-30T03:44:57","slug":"policia-civil-prende-ladrao-que-roubava-carros-em-candido-sales-e-entregava-em-vitoria-da-conquista","status":"publish","type":"post","link":"https:\/\/blitzconquista.com.br\/?p=23363","title":{"rendered":"Pol\u00edcia Civil prende ladr\u00e3o que roubava carros em C\u00e2ndido Sales e entregava em Vit\u00f3ria da Conquista"},"content":{"rendered":"<p>Anixon Tavares Botelho foi preso neste domingo, 27, ap\u00f3s furtar um carro em C\u00e2ndido Sales, ser perseguido e interceptado na BR 116 por uma equipe da Pol\u00edcia Civil.<br \/>\nO acusado tinha furtado o ve\u00edculo na feira da cidade, por\u00e9m populares perceberam a a\u00e7\u00e3o do criminoso e indicaram aos policiais o destino do ve\u00edculo, que seguiu em dire\u00e7\u00e3o a Vit\u00f3ria da Conquista. Os investigadores interceptaram Anixon pr\u00f3ximo a \u00e1rea urbana de Vit\u00f3ria da Conquista, nas proximidades do posto Flexa. O acusado confessou que iria levar o ve\u00edculo para Edvaldo Jesus Silva, conhecido como \u201cLagoa\u201d. O carro modelo VW Gol teria sido encomendado por ele.<br \/>\nEm continua\u00e7\u00e3o a diligencia os policiais foram at\u00e9 a resid\u00eancia de Edvaldo que foi preso por recepta\u00e7\u00e3o.<\/p>\n<figure id=\"attachment_23365\" aria-describedby=\"caption-attachment-23365\" style=\"width: 304px\" class=\"wp-caption aligncenter\"><img decoding=\"async\" loading=\"lazy\" class=\"wp-image-23365 size-full\" src=\"http:\/\/blitzconquista.com.br\/wp-content\/uploads\/2014\/04\/IMG-20140429-WA0006.jpg\" alt=\"IMG-20140429-WA0006\" width=\"304\" height=\"194\" \/><figcaption id=\"caption-attachment-23365\" class=\"wp-caption-text\"><em>Edvaldo Jesus Silva<\/em><\/figcaption><\/figure>\n<p>Anixon, morador do povoado de Jos\u00e9 Gon\u00e7alves em Vit\u00f3ria da Conquista, tamb\u00e9m revelou aos policiais que j\u00e1 tinha furtado outros ve\u00edculos em C\u00e2ndido Sales, os quais foram encomendados pelo mesmo comparsa.<br \/>\nDe acordo com a PC, Anixon era motorista de uma empresa de transporte coletivo, mas deixou o emprego h\u00e1 aproximadamente tr\u00eas meses.<\/p>\n","protected":false},"excerpt":{"rendered":"<p>Anixon Tavares Botelho foi preso neste domingo, 27, ap\u00f3s furtar um carro em C\u00e2ndido Sales, ser perseguido e interceptado na BR 116 por uma equipe da Pol\u00edcia Civil. O acusado tinha furtado o ve\u00edculo na feira da cidade, por\u00e9m populares perceberam a a\u00e7\u00e3o do criminoso e indicaram aos policiais o destino do ve\u00edculo, que seguiu [&hellip;]<\/p>\n","protected":false},"author":1,"featured_media":23364,"comment_status":"open","ping_status":"open","sticky":false,"template":"","format":"standard","meta":[],"categories":[3],"tags":[],"_links":{"self":[{"href":"https:\/\/blitzconquista.com.br\/index.php?rest_route=\/wp\/v2\/posts\/23363"}],"collection":[{"href":"https:\/\/blitzconquista.com.br\/index.php?rest_route=\/wp\/v2\/posts"}],"about":[{"href":"https:\/\/blitzconquista.com.br\/index.php?rest_route=\/wp\/v2\/types\/post"}],"author":[{"embeddable":true,"href":"https:\/\/blitzconquista.com.br\/index.php?rest_route=\/wp\/v2\/users\/1"}],"replies":[{"embeddable":true,"href":"https:\/\/blitzconquista.com.br\/index.php?rest_route=%2Fwp%2Fv2%2Fcomments&post=23363"}],"version-history":[{"count":0,"href":"https:\/\/blitzconquista.com.br\/index.php?rest_route=\/wp\/v2\/posts\/23363\/revisions"}],"wp:featuredmedia":[{"embeddable":true,"href":"https:\/\/blitzconquista.com.br\/index.php?rest_route=\/"}],"wp:attachment":[{"href":"https:\/\/blitzconquista.com.br\/index.php?rest_route=%2Fwp%2Fv2%2Fmedia&parent=23363"}],"wp:term":[{"taxonomy":"category","embeddable":true,"href":"https:\/\/blitzconquista.com.br\/index.php?rest_route=%2Fwp%2Fv2%2Fcategories&post=23363"},{"taxonomy":"post_tag","embeddable":true,"href":"https:\/\/blitzconquista.com.br\/index.php?rest_route=%2Fwp%2Fv2%2Ftags&post=23363"}],"curies":[{"name":"wp","href":"https:\/\/api.w.org\/{rel}","templated":true}]}}