{"id":23882,"date":"2014-05-16T18:48:18","date_gmt":"2014-05-16T21:48:18","guid":{"rendered":"http:\/\/blitzconquista.com.br\/new\/?p=23882"},"modified":"2014-05-16T18:48:18","modified_gmt":"2014-05-16T21:48:18","slug":"opiniao-do-paulo-nunes-o-psb-e-seu-destino","status":"publish","type":"post","link":"https:\/\/blitzconquista.com.br\/?p=23882","title":{"rendered":"OPINI\u00c3O DO PAULO NUNES: O PSB e seu destino"},"content":{"rendered":"<p><em>Por Paulo Nunes<\/em><br \/>\nNos anos 80 o PSB tomou forma em Vit\u00f3ria da Conquista. Tr\u00eas jovens idealistas e participantes de movimentos estudantis secundaristas (Genivan Neri, Gildelson Fel\u00edcio e Jos\u00e9 Carlos Rocha) davam \u00e0 sociedade conquistense uma ideia da boa pol\u00edtica, conduzida pela for\u00e7a da juventude, fundamental em qualquer luta. O tempo passou e em tentativas eleitorais a cargos legislativos nenhum dos tr\u00eas teve resultado positivo, o que foi lament\u00e1vel, pois todos os tr\u00eas s\u00e3o preparados para a pr\u00e1tica pol\u00edtica. Mesmo assim, sob o comando dos \u201cmeninos\u201d, o partido abriu espa\u00e7os a pol\u00edticos famosos na cidade como Coriolano Sales, Murilo M\u00e1rmore e Jos\u00e9 Pedral. \u201cOs meninos\u201d fizeram hist\u00f3ria quando resolveram expulsar do partido nada mais nada menos que o maior l\u00edder pol\u00edtico de Conquista at\u00e9 hoje e, naquela \u00e9poca, mais ainda: Pedral Sampaio. Esse fato gerou a frase de Pedral: \u201cOs meninos j\u00e1 querem ganhar antes de disputar\u201d. Gildelson reagiu e disse a Pedral: \u201cMe respeite, que eu n\u00e3o sou menino\u201d. Pedral, velha raposa, retrucou: \u201cEsse rapaz que n\u00e3o gosta de ser chamado rapaz, quando estiver velho vai querer e ningu\u00e9m o chamar\u00e1\u201d. Fatos da pol\u00edtica conquistense.<\/p>\n<p>O PSB continuou sua caminhada, mas infelizmente n\u00e3o manteve a ousadia e os ideais daqueles tr\u00eas jovens dos anos 80. Lamentavelmente, aderiram \u00e0 pol\u00edtica de resultados e se acomodaram com cargos de segundo escal\u00e3o no governo de Pedral, de Murilo M\u00e1rmore e at\u00e9 de Guilherme Menezes. Com isso, perdeu a condi\u00e7\u00e3o de convencer a popula\u00e7\u00e3o de Conquista de suas atitudes pol\u00edticas. Essa troca da luta pol\u00edtica por coordena\u00e7\u00f5es e secretarias para componentes da parte cartorial do partido distanciou o PSB da disputa pela Prefeitura de Conquista.<\/p>\n<p>O partido ent\u00e3o passou a adotar a pol\u00edtica mais \u201c medonha\u201d para quem almeja chegar ao poder, que \u00e9 organizar partido baseado apenas nas possibilidades eleitorais de vereadores, com a inten\u00e7\u00e3o clara de, aderindo ao partido vencedor, garantir espa\u00e7o no governo. Agindo assim, o PSB dos \u201cmeninos\u201d abandonou a ideologia, deixou de tentar convencer a sociedade, esqueceu sindicatos, associa\u00e7\u00f5es de bairros, estudantes secundaristas e universit\u00e1rios e optou por filiar ao partido qualquer um, que tivesse alguma possibilidade eleitoral, sem se importar se o filiado tinha ou n\u00e3o compromisso program\u00e1tico com o ideal partid\u00e1rio.<\/p>\n<p>Esse fato \u00e9 t\u00e3o percept\u00edvel pela popula\u00e7\u00e3o que o partido n\u00e3o consegue repetir um vereador num mandato seguinte, \u00e0 exce\u00e7\u00e3o do vereador Gilzete Moreira que se elege individualmente atrav\u00e9s de seu trabalho assistencial e religioso, nada tendo a ver com o programa do Partido Socialista Brasileiro. Ademais, \u00e9 ligado ao Partido dos Trabalhadores, notadamente aos deputados Waldenor Pereira e Jos\u00e9 Raimundo. O outro vereador do partido, Adinilson Pereira, \u00e9 crist\u00e3o novo no partido, mas tamb\u00e9m descompromissado com o ideal partid\u00e1rio \u2013 muito mais ligado ao pastor da sua igreja do que aos \u201cirm\u00e3os\u201d do partido que, com seus votos, ajudaram a eleg\u00ea-lo..<\/p>\n<p>Agora o PSB tem um dilema: tem candidato \u00e0 Presid\u00eancia da Rep\u00fablica, tem candidata ao Governo da Bahia e tem candidata ao Senado Federal, mas n\u00e3o tem nenhum candidato a Deputado Estadual ou Federal oriundo da agremia\u00e7\u00e3o em Conquista, terceiro col\u00e9gio eleitoral do Estado, com 222 mil eleitores inscritos.<\/p>\n<p>Essa demonstra\u00e7\u00e3o de fraqueza pol\u00edtica constrange e envergonha seus militantes e simpatizantes da causa partid\u00e1ria. Se os integrantes do partido no governo municipal em Conquista n\u00e3o t\u00eam coragem de usar a \u201cpomba\u201d, s\u00edmbolo do partido, na camisa, na blusa ou palet\u00f3. Nesse momento se torna necess\u00e1rio abrir a janela da gaiola para que a famosa pomba branca possa voar encantando aqueles que ainda t\u00eam a coragem dos \u201cmeninos\u201d dos anos 80. E que a covardia de agora, anos 14, seja apenas um motivo para uma reflex\u00e3o sobre esse passado n\u00e3o t\u00e3o distante, quando \u201cos meninos\u201d (que j\u00e1 mereceram um editorial nosso) demonstrem a coragem de homens, pois, paradoxalmente, hoje s\u00e3o pacatos e contentes com pap\u00e9is coadjuvantes de filme de curta metragem e que n\u00e3o s\u00e3o vistos nos cinemas da vida.<\/p>\n<p>Na minha interpreta\u00e7\u00e3o, a visita de Eduardo Campos, L\u00eddice da Mata e Eliana Calmon, na manh\u00e3 de segunda-feira (12 de maio) foi marcada pelo constrangimento, quando o mestre de cerim\u00f4nia do evento, um dos \u201cmeninos\u201d, citava lideran\u00e7as, das cidades vizinhas, mas n\u00e3o tinha ningu\u00e9m de Vit\u00f3ria da Conquista para ser aplaudido, algu\u00e9m que representasse o partido no vigoroso col\u00e9gio eleitoral de Conquista.<\/p>\n<p>O Vice-Prefeito de Conquista, Jo\u00e1s Meira, tem a oportunidade de se consolidar como lideran\u00e7a pol\u00edtica. Para tanto, \u00e9 necess\u00e1rio fazer sacrif\u00edcios, pois vencer a elei\u00e7\u00e3o municipal como componente da chapa majorit\u00e1ria foi f\u00e1cil, mas a beleza da pol\u00edtica existe exatamente quando o caminho \u00e9 espinhoso, d\u00e1 dignidade \u00e0 vit\u00f3ria e \u00e0 compreens\u00e3o dos companheiros em uma eventual derrota. E a pol\u00edtica \u00e9 um jogo de ideias e de convencimento popular, n\u00e3o h\u00e1 garantias nem a humildes nem a poderosos, mas a dignidade da luta \u00e9 salutar \u00e0 disputa.<\/p>\n<p>Entendemos que tanto Jo\u00e1s Meira como as lideran\u00e7as do PSB em Conquista t\u00eam o dever de postular a composi\u00e7\u00e3o da chapa como candidato a vice-governador ou a deputado e, se tal fato ocorrer na majorit\u00e1ria, ser\u00e1 a \u00fanica chapa a realmente credenciar Conquista como for\u00e7a pol\u00edtica regional, j\u00e1 que as demais sequer consideraram tal fato; uma delas chegou ao ponto de dizer que estava prestigiando a cidade \u201cpolitizada\u201d com uma mera visita de come\u00e7o de campanha. Pasmem tanta hipocrisia!<\/p>\n<p>Se o PSB quer conquistar o respeito do povo conquistense, deve lan\u00e7ar candidatura de Conquista tamb\u00e9m nas proporcionais, n\u00e3o se importando se o resultado final \u00e9 elei\u00e7\u00e3o de seus membros ou n\u00e3o; mais importante \u00e9 passar a ideia de compromisso com a sociedade conquistense e com sua hist\u00f3ria. Ora, se Eduardo Campos demonstra que \u00e9 valente, lutando contra duas for\u00e7as pol\u00edticas poderosas representadas pelo PT e PSDB, se Eliana Calmon demonstra coragem ao disputar o Senado contra dois medalh\u00f5es da tradicional pol\u00edtica baiana, se L\u00eddice da Mata demonstra coragem ao ficar entre o rochedo e o mar na Bahia, por que o PSB de Conquista vai ficar no ninho em plena luz do dia?<\/p>\n<p>\u201cSurge o sol, fogem p\u00e1ssaros dos ninhos\/ Todos v\u00e3o venturosos trabalhar;\/ Eu tamb\u00e9m, imitando os passarinhos,\/ Deixo o morno rega\u00e7o do meu lar\u201d \u2013 Euclides Dantas. S\u00f3 assim o PSB local retomar\u00e1 o respeito do povo de Conquista. E se por si mesmo n\u00e3o imp\u00f4s mudan\u00e7as \u201caguilinas\u201d nos seus quadros, nada mais salutar que aproveitar as circunst\u00e2ncias da hist\u00f3ria para faz\u00ea-lo. Afinal, a Hist\u00f3ria tamb\u00e9m \u00e9 constru\u00edda pela extemporaneidade, e na pol\u00edtica essa afirma\u00e7\u00e3o \u00e9 inexor\u00e1vel.<\/p>\n","protected":false},"excerpt":{"rendered":"<p>Por Paulo Nunes Nos anos 80 o PSB tomou forma em Vit\u00f3ria da Conquista. Tr\u00eas jovens idealistas e participantes de movimentos estudantis secundaristas (Genivan Neri, Gildelson Fel\u00edcio e Jos\u00e9 Carlos Rocha) davam \u00e0 sociedade conquistense uma ideia da boa pol\u00edtica, conduzida pela for\u00e7a da juventude, fundamental em qualquer luta. O tempo passou e em tentativas [&hellip;]<\/p>\n","protected":false},"author":1,"featured_media":23883,"comment_status":"open","ping_status":"open","sticky":false,"template":"","format":"standard","meta":[],"categories":[29],"tags":[],"_links":{"self":[{"href":"https:\/\/blitzconquista.com.br\/index.php?rest_route=\/wp\/v2\/posts\/23882"}],"collection":[{"href":"https:\/\/blitzconquista.com.br\/index.php?rest_route=\/wp\/v2\/posts"}],"about":[{"href":"https:\/\/blitzconquista.com.br\/index.php?rest_route=\/wp\/v2\/types\/post"}],"author":[{"embeddable":true,"href":"https:\/\/blitzconquista.com.br\/index.php?rest_route=\/wp\/v2\/users\/1"}],"replies":[{"embeddable":true,"href":"https:\/\/blitzconquista.com.br\/index.php?rest_route=%2Fwp%2Fv2%2Fcomments&post=23882"}],"version-history":[{"count":0,"href":"https:\/\/blitzconquista.com.br\/index.php?rest_route=\/wp\/v2\/posts\/23882\/revisions"}],"wp:featuredmedia":[{"embeddable":true,"href":"https:\/\/blitzconquista.com.br\/index.php?rest_route=\/"}],"wp:attachment":[{"href":"https:\/\/blitzconquista.com.br\/index.php?rest_route=%2Fwp%2Fv2%2Fmedia&parent=23882"}],"wp:term":[{"taxonomy":"category","embeddable":true,"href":"https:\/\/blitzconquista.com.br\/index.php?rest_route=%2Fwp%2Fv2%2Fcategories&post=23882"},{"taxonomy":"post_tag","embeddable":true,"href":"https:\/\/blitzconquista.com.br\/index.php?rest_route=%2Fwp%2Fv2%2Ftags&post=23882"}],"curies":[{"name":"wp","href":"https:\/\/api.w.org\/{rel}","templated":true}]}}