{"id":23903,"date":"2014-05-16T22:35:16","date_gmt":"2014-05-17T01:35:16","guid":{"rendered":"http:\/\/blitzconquista.com.br\/new\/?p=23903"},"modified":"2014-05-16T22:35:16","modified_gmt":"2014-05-17T01:35:16","slug":"fim-da-greve-dos-professores-municipais","status":"publish","type":"post","link":"https:\/\/blitzconquista.com.br\/?p=23903","title":{"rendered":"Fim da greve dos professores municipais"},"content":{"rendered":"<p>Nesta sexta-feira, 16, o Sindicato do Magist\u00e9rio Municipal P\u00fablico de Vit\u00f3ria da Conquista (Simmp) anunciou o fim da greve dos professores. O an\u00fancio foi feito ap\u00f3s a decis\u00e3o da categoria de aceitar as propostas da Prefeitura Municipal, encaminhadas para aprecia\u00e7\u00e3o em assembleia. Segundo informa\u00e7\u00f5es da Secretaria de Comunica\u00e7\u00e3o, o governo municipal enviou um documento ao sindicato, reafirmando o compromisso de criar uma comiss\u00e3o para analisar as possibilidades de altera\u00e7\u00e3o no Plano de Carreira dos Profissionais do Magist\u00e9rio Municipal. A comiss\u00e3o ser\u00e1 formada pela Prefeitura, pelo Simmp, pelo Conselho Municipal de Educa\u00e7\u00e3o e pelo Conselho do Fundo de Manuten\u00e7\u00e3o e Desenvolvimento da Educa\u00e7\u00e3o B\u00e1sica e de Valoriza\u00e7\u00e3o dos Profissionais da Educa\u00e7\u00e3o (Fundeb).<\/p>\n<p>A Prefeitura Municipal assegurou tamb\u00e9m a manuten\u00e7\u00e3o da indeniza\u00e7\u00e3o de atividades complementares, reafirmando o percentual de 16,67% para os professores do ensino fundamental (s\u00e9ries iniciais) e da Educa\u00e7\u00e3o Infantil. Outros pontos que foram acordados:<\/p>\n<p>&#8211; o compromisso de continuar pagando o piso nacional dos professores, com o reajuste de 8,32% \u2013 estendendo esse \u00edndice para todos os n\u00edveis e mantendo a estrutura da tabela salarial; &#8211; Interst\u00edcio de n\u00edvel de 12,75% e aumento do interst\u00edcio de refer\u00eancia para 3,70%; &#8211; Aumento no aux\u00edlio-alimenta\u00e7\u00e3o para R$ 170; &#8211; 20%, sobre o sal\u00e1rio base, para p\u00f3s-gradua\u00e7\u00e3o; &#8211; 20%, sobre o sal\u00e1rio base, para professores que residem na zona urbana e lecionam na zona rural; &#8211; 10%, sobre o sal\u00e1rio base, para reg\u00eancia de classe, podendo chegar a 20% para reg\u00eancia de classe especial (com aluno especial em sala de aula).<\/p>\n<p>As aulas devem come\u00e7ar normalmente na pr\u00f3xima segunda-feira(19).<\/p>\n","protected":false},"excerpt":{"rendered":"<p>Nesta sexta-feira, 16, o Sindicato do Magist\u00e9rio Municipal P\u00fablico de Vit\u00f3ria da Conquista (Simmp) anunciou o fim da greve dos professores. O an\u00fancio foi feito ap\u00f3s a decis\u00e3o da categoria de aceitar as propostas da Prefeitura Municipal, encaminhadas para aprecia\u00e7\u00e3o em assembleia. Segundo informa\u00e7\u00f5es da Secretaria de Comunica\u00e7\u00e3o, o governo municipal enviou um documento ao [&hellip;]<\/p>\n","protected":false},"author":1,"featured_media":23904,"comment_status":"open","ping_status":"open","sticky":false,"template":"","format":"standard","meta":[],"categories":[28],"tags":[],"_links":{"self":[{"href":"https:\/\/blitzconquista.com.br\/index.php?rest_route=\/wp\/v2\/posts\/23903"}],"collection":[{"href":"https:\/\/blitzconquista.com.br\/index.php?rest_route=\/wp\/v2\/posts"}],"about":[{"href":"https:\/\/blitzconquista.com.br\/index.php?rest_route=\/wp\/v2\/types\/post"}],"author":[{"embeddable":true,"href":"https:\/\/blitzconquista.com.br\/index.php?rest_route=\/wp\/v2\/users\/1"}],"replies":[{"embeddable":true,"href":"https:\/\/blitzconquista.com.br\/index.php?rest_route=%2Fwp%2Fv2%2Fcomments&post=23903"}],"version-history":[{"count":0,"href":"https:\/\/blitzconquista.com.br\/index.php?rest_route=\/wp\/v2\/posts\/23903\/revisions"}],"wp:featuredmedia":[{"embeddable":true,"href":"https:\/\/blitzconquista.com.br\/index.php?rest_route=\/"}],"wp:attachment":[{"href":"https:\/\/blitzconquista.com.br\/index.php?rest_route=%2Fwp%2Fv2%2Fmedia&parent=23903"}],"wp:term":[{"taxonomy":"category","embeddable":true,"href":"https:\/\/blitzconquista.com.br\/index.php?rest_route=%2Fwp%2Fv2%2Fcategories&post=23903"},{"taxonomy":"post_tag","embeddable":true,"href":"https:\/\/blitzconquista.com.br\/index.php?rest_route=%2Fwp%2Fv2%2Ftags&post=23903"}],"curies":[{"name":"wp","href":"https:\/\/api.w.org\/{rel}","templated":true}]}}