{"id":23962,"date":"2014-05-19T11:49:30","date_gmt":"2014-05-19T14:49:30","guid":{"rendered":"http:\/\/blitzconquista.com.br\/new\/?p=23962"},"modified":"2014-05-19T11:49:30","modified_gmt":"2014-05-19T14:49:30","slug":"corpo-de-homem-esfaqueado-e-encontrado-proximo-aos-campinhos","status":"publish","type":"post","link":"https:\/\/blitzconquista.com.br\/?p=23962","title":{"rendered":"Corpo de homem esfaqueado \u00e9 encontrado pr\u00f3ximo aos Campinhos"},"content":{"rendered":"<p>O corpo de um homem identificado como sendo J\u00falio Oliveira Cardoso foi encontrado por volta das 10h desta segunda-feira (19) em um matagal pr\u00f3ximo aos Campinhos, em Vit\u00f3ria da Conquista.<br \/>\n<img decoding=\"async\" loading=\"lazy\" class=\"pie-img aligncenter\" src=\"http:\/\/lh5.ggpht.com\/-mAJGf44Nzkw\/U3oZV8kTu3I\/AAAAAAAAAVA\/6v13IqqiecQ\/DSC_0642.jpg?imgmax=640\" alt=\"DSC_0642.jpg\" width=\"640\" height=\"425\" \/><br \/>\nDe acordo com a pol\u00edcia, um cuidador de animais passava pelo local quando ficou assustado ao se deparar com o corpo.<\/p>\n<p><img decoding=\"async\" loading=\"lazy\" class=\"pie-img aligncenter\" src=\"http:\/\/lh6.ggpht.com\/-Pd7cencp1eI\/U3oZWR82cvI\/AAAAAAAAAVI\/w6pUdxWVGmM\/DSC_0644.jpg?imgmax=640\" alt=\"DSC_0644.jpg\" width=\"640\" height=\"425\" \/><br \/>\nAparentando ter sido esfaqueado e espancado, o corpo de J\u00falio estava junto a um buraco. A cena sugere que o autor, ou autores, do crime tivessem a inten\u00e7\u00e3o de ocultar o corpo, mas uma prov\u00e1vel movimenta\u00e7\u00e3o de pessoas nas proximidades pode ter atrapalhado o plano dos assassinos.<\/p>\n<p><img decoding=\"async\" loading=\"lazy\" class=\"pie-img aligncenter\" src=\"http:\/\/lh4.ggpht.com\/-WIT0qRRWexM\/U3oZXdAoEzI\/AAAAAAAAAVU\/ufn7mJlSVEo\/DSC_0645.jpg?imgmax=640\" alt=\"DSC_0645.jpg\" width=\"640\" height=\"425\" \/><br \/>\nOs policiais militares foram os primeiros a chegar no local e constatar o fato. A equipe da Delegacia de Homic\u00eddios tamb\u00e9m esteve no local e acompanhou o trabalho do Departamento de Pol\u00edcia T\u00e9cnica.<\/p>\n<p><img decoding=\"async\" loading=\"lazy\" class=\"pie-img aligncenter\" src=\"http:\/\/lh5.ggpht.com\/-lYjaB_f8gNI\/U3oZU5EndtI\/AAAAAAAAAU4\/c9A5SgfCI7k\/DSC_0634.jpg?imgmax=640\" alt=\"DSC_0634.jpg\" width=\"640\" height=\"425\" \/><br \/>\nAs primeiras informa\u00e7\u00f5es d\u00e3o conta que a v\u00edtima n\u00e3o tem nenhum antecedente criminal.<\/p>\n","protected":false},"excerpt":{"rendered":"<p>O corpo de um homem identificado como sendo J\u00falio Oliveira Cardoso foi encontrado por volta das 10h desta segunda-feira (19) em um matagal pr\u00f3ximo aos Campinhos, em Vit\u00f3ria da Conquista. De acordo com a pol\u00edcia, um cuidador de animais passava pelo local quando ficou assustado ao se deparar com o corpo. Aparentando ter sido esfaqueado [&hellip;]<\/p>\n","protected":false},"author":1,"featured_media":23963,"comment_status":"open","ping_status":"open","sticky":false,"template":"","format":"standard","meta":[],"categories":[3],"tags":[],"_links":{"self":[{"href":"https:\/\/blitzconquista.com.br\/index.php?rest_route=\/wp\/v2\/posts\/23962"}],"collection":[{"href":"https:\/\/blitzconquista.com.br\/index.php?rest_route=\/wp\/v2\/posts"}],"about":[{"href":"https:\/\/blitzconquista.com.br\/index.php?rest_route=\/wp\/v2\/types\/post"}],"author":[{"embeddable":true,"href":"https:\/\/blitzconquista.com.br\/index.php?rest_route=\/wp\/v2\/users\/1"}],"replies":[{"embeddable":true,"href":"https:\/\/blitzconquista.com.br\/index.php?rest_route=%2Fwp%2Fv2%2Fcomments&post=23962"}],"version-history":[{"count":0,"href":"https:\/\/blitzconquista.com.br\/index.php?rest_route=\/wp\/v2\/posts\/23962\/revisions"}],"wp:featuredmedia":[{"embeddable":true,"href":"https:\/\/blitzconquista.com.br\/index.php?rest_route=\/"}],"wp:attachment":[{"href":"https:\/\/blitzconquista.com.br\/index.php?rest_route=%2Fwp%2Fv2%2Fmedia&parent=23962"}],"wp:term":[{"taxonomy":"category","embeddable":true,"href":"https:\/\/blitzconquista.com.br\/index.php?rest_route=%2Fwp%2Fv2%2Fcategories&post=23962"},{"taxonomy":"post_tag","embeddable":true,"href":"https:\/\/blitzconquista.com.br\/index.php?rest_route=%2Fwp%2Fv2%2Ftags&post=23962"}],"curies":[{"name":"wp","href":"https:\/\/api.w.org\/{rel}","templated":true}]}}