{"id":23965,"date":"2014-05-19T14:35:31","date_gmt":"2014-05-19T17:35:31","guid":{"rendered":"http:\/\/blitzconquista.com.br\/new\/?p=23965"},"modified":"2014-05-19T14:35:31","modified_gmt":"2014-05-19T17:35:31","slug":"maconha-no-micro-ondas","status":"publish","type":"post","link":"https:\/\/blitzconquista.com.br\/?p=23965","title":{"rendered":"Maconha no micro-ondas"},"content":{"rendered":"<p>O Grupo de Policiamento T\u00e1tico da Delegacia da Pol\u00edcia Rodovi\u00e1ria Federal de Vit\u00f3ria da Conquista, em Opera\u00e7\u00e3o de Combate ao Tr\u00e1fico de Drogas desencadeada no Km 932 da BR 116, Divisa BA\/MG, por volta das 14h deste domingo (18) apreendeu mais de 25kg de maconha escondida em um micro-ondas.<\/p>\n<p><img decoding=\"async\" loading=\"lazy\" class=\"pie-img aligncenter\" src=\"http:\/\/lh4.ggpht.com\/-d_LM4ZZjhFE\/U3pANwSC61I\/AAAAAAAAAWI\/3DF57jZn8JA\/DSC05889.jpg?imgmax=640\" alt=\"DSC05889.jpg\" width=\"640\" height=\"480\" \/><\/p>\n<p>De acordo com a PRF, ao fiscalizar o \u00f4nibus de turismo que viajava de S\u00e3o Paulo para Arapiraca\/AL, \u00a0 efetuou a apreens\u00e3o de 27,5 Kg de maconha prensada, em compartimentos ocultos de um aparelho de micro-ondas e em uma bolsa de viagem.<\/p>\n<p><img decoding=\"async\" loading=\"lazy\" class=\"pie-img aligncenter\" src=\"http:\/\/lh6.ggpht.com\/-8VddjbF-hNo\/U3pAO4zwKJI\/AAAAAAAAAWQ\/H5ikLmVDz4M\/DSC05890.jpg?imgmax=640\" alt=\"DSC05890.jpg\" width=\"640\" height=\"480\" \/><\/p>\n<p>Como n\u00e3o havia indica\u00e7\u00e3o do propriet\u00e1rio da bagagem aposto nos volumes, n\u00e3o foi poss\u00edvel localizar o propriet\u00e1rio da subst\u00e2ncia entorpecente, sendo todos os passageiros conduzidos ao DISEP Vit\u00f3ria da Conquista, para uma investiga\u00e7\u00e3o mais criteriosa.<\/p>\n","protected":false},"excerpt":{"rendered":"<p>O Grupo de Policiamento T\u00e1tico da Delegacia da Pol\u00edcia Rodovi\u00e1ria Federal de Vit\u00f3ria da Conquista, em Opera\u00e7\u00e3o de Combate ao Tr\u00e1fico de Drogas desencadeada no Km 932 da BR 116, Divisa BA\/MG, por volta das 14h deste domingo (18) apreendeu mais de 25kg de maconha escondida em um micro-ondas. De acordo com a PRF, ao [&hellip;]<\/p>\n","protected":false},"author":1,"featured_media":23966,"comment_status":"open","ping_status":"open","sticky":false,"template":"","format":"standard","meta":[],"categories":[3],"tags":[],"_links":{"self":[{"href":"https:\/\/blitzconquista.com.br\/index.php?rest_route=\/wp\/v2\/posts\/23965"}],"collection":[{"href":"https:\/\/blitzconquista.com.br\/index.php?rest_route=\/wp\/v2\/posts"}],"about":[{"href":"https:\/\/blitzconquista.com.br\/index.php?rest_route=\/wp\/v2\/types\/post"}],"author":[{"embeddable":true,"href":"https:\/\/blitzconquista.com.br\/index.php?rest_route=\/wp\/v2\/users\/1"}],"replies":[{"embeddable":true,"href":"https:\/\/blitzconquista.com.br\/index.php?rest_route=%2Fwp%2Fv2%2Fcomments&post=23965"}],"version-history":[{"count":0,"href":"https:\/\/blitzconquista.com.br\/index.php?rest_route=\/wp\/v2\/posts\/23965\/revisions"}],"wp:featuredmedia":[{"embeddable":true,"href":"https:\/\/blitzconquista.com.br\/index.php?rest_route=\/"}],"wp:attachment":[{"href":"https:\/\/blitzconquista.com.br\/index.php?rest_route=%2Fwp%2Fv2%2Fmedia&parent=23965"}],"wp:term":[{"taxonomy":"category","embeddable":true,"href":"https:\/\/blitzconquista.com.br\/index.php?rest_route=%2Fwp%2Fv2%2Fcategories&post=23965"},{"taxonomy":"post_tag","embeddable":true,"href":"https:\/\/blitzconquista.com.br\/index.php?rest_route=%2Fwp%2Fv2%2Ftags&post=23965"}],"curies":[{"name":"wp","href":"https:\/\/api.w.org\/{rel}","templated":true}]}}